{"id":10261,"date":"2018-09-14T01:15:12","date_gmt":"2018-09-13T22:15:12","guid":{"rendered":"https:\/\/bibersa.com\/?p=10261"},"modified":"2023-04-16T20:01:23","modified_gmt":"2023-04-16T17:01:23","slug":"freelancer-seslendirme-yasal-mi","status":"publish","type":"post","link":"https:\/\/bibersa.com\/ar\/%d9%85%d9%82%d8%a7%d9%84%d8%a7%d8%aa\/%d8%a7%d9%84%d8%aa%d8%b9%d9%84%d9%8a%d9%82-%d8%a7%d9%84%d8%b5%d9%88%d8%aa%d9%8a-%d8%a7%d9%84%d9%85%d8%b3%d8%aa%d9%82%d9%84\/","title":{"rendered":"Freelancer Seslendirme Yasal m\u0131?"},"content":{"rendered":"<p>&#8220;Freelancer Seslendirme Yasal m\u0131&#8221; i\u00e7eri\u011fimizde son zamanlar\u0131n trend konular\u0131ndan biri olan &#8220;freelancer&#8221;larla ilgili seslendirme \u00e7al\u0131\u015fmalar\u0131na odaklanarak, bu alanda yasal prosed\u00fcrler hakk\u0131nda bilgi vermeyi ama\u00e7l\u0131yoruz. T\u00fcrkiye&#8217;de, 2015 y\u0131l\u0131ndan itibaren, freelance \u00e7al\u0131\u015fman\u0131n pop\u00fcler hale gelmesiyle birlikte, bu konuyla ilgili sorular artmaktad\u0131r.<\/p>\n<p>Freelance \u00e7al\u0131\u015fman\u0131n tarihi olduk\u00e7a eskiye dayan\u0131r. Antik Roma d\u00f6neminde, ba\u011f\u0131ms\u0131z meslek sahibi olan \u00e7o\u011fu insanlar, serbest \u00e7al\u0131\u015fan olarak kabul edilirdi. Sanat\u00e7\u0131lar, yazarlar, avukatlar, mimarlar ve di\u011ferleri, bug\u00fcn oldu\u011fu gibi, kendi i\u015flerini kurar ve m\u00fc\u015fterilere hizmet verirlerdi.<\/p>\n<p>19. y\u00fczy\u0131l\u0131n sonlar\u0131na do\u011fru, end\u00fcstri devrimiyle birlikte, \u00fcretim y\u00f6ntemleri ve i\u015f d\u00fcnyas\u0131ndaki de\u011fi\u015fiklikler, bir\u00e7ok ki\u015finin i\u015flerinde ba\u011f\u0131ms\u0131z olarak \u00e7al\u0131\u015fmas\u0131na olanak tan\u0131d\u0131. Teknolojinin geli\u015fmesiyle birlikte, \u00f6zellikle internetin yayg\u0131nla\u015fmas\u0131 ve bilgi teknolojilerindeki geli\u015fmelerle birlikte, freelance \u00e7al\u0131\u015fma daha da pop\u00fcler hale geldi.<\/p>\n<p>Bug\u00fcn, freelance \u00e7al\u0131\u015fanlar, evden \u00e7al\u0131\u015fanlar, yar\u0131 zamanl\u0131 \u00e7al\u0131\u015fanlar, proje bazl\u0131 \u00e7al\u0131\u015fanlar ve kendi i\u015fini kuran giri\u015fimciler aras\u0131nda yer al\u0131r. Freelance \u00e7al\u0131\u015fma, esnek \u00e7al\u0131\u015fma saatleri, \u00f6zerklik, farkl\u0131 m\u00fc\u015fterilerle \u00e7al\u0131\u015fma imkan\u0131 ve daha fazla kazan\u00e7 f\u0131rsat\u0131 gibi bir\u00e7ok avantaj sa\u011flar.\u00a0 Bu avantajlarla birlikte seslendirme ve dublaj alan\u0131nda da freelance \u00e7al\u0131\u015fmak yayg\u0131nla\u015fmaya ba\u015flad\u0131.<\/p>\n<h2>Freelancer Seslendirme Yapt\u0131rmak Ne Kadar Yasal?<\/h2>\n<p>Peki freelancer \u00e7al\u0131\u015fmalar yapmak iyi mi? K\u00f6t\u00fc m\u00fc? Freelance seslendirme yasal m\u0131? de\u011fil mi? Bu sorular\u0131n cevab\u0131n\u0131 sizin i\u00e7in i\u015fin uzmanlar\u0131yla g\u00f6r\u00fc\u015ft\u00fck. Bilindi\u011fi \u00fczere her \u00fclkenin kendine has ticaret kurallar\u0131 vard\u0131r. Baz\u0131 kurallara ba\u011fl\u0131 kal\u0131rsan\u0131z evet freelance seslendirme yasal!Ancak, \u00e7al\u0131\u015fan ki\u015fiyle ilgili telif haklar\u0131, vergi beyannameleri, sigorta gibi yasal i\u015flemler d\u00fczenli bir \u015fekilde yap\u0131lmal\u0131d\u0131r.<\/p>\n<p>Bu kurallar neticesinde sekt\u00f6rde birtak\u0131m \u00e7al\u0131\u015fmalar yap\u0131yorsan\u0131z ve bu e\u015f dosta yard\u0131m etmeyi art\u0131k ge\u00e7mi\u015fse mutlaka vergi m\u00fckellefiyetinizin olmas\u0131 gerekiyor. \u00d6zellikle freelancer \u00e7al\u0131\u015fmalar yap\u0131p \u00f6demeyi hesap numaran\u0131z \u00fczerinden al\u0131yorsan\u0131z, ald\u0131\u011f\u0131n\u0131z \u00f6demeye kar\u015f\u0131l\u0131k fatura d\u00fczenlemeniz gerekiyor.<\/p>\n<p>\u015eimdiye kadar hesab\u0131n\u0131z\u0131 kimse denetlememi\u015fse ve soran da olmam\u0131\u015fsa bu olmayaca\u011f\u0131 anlam\u0131na gelmiyor. Ticari kurallara riayet etmek \u015fart\u0131 ile freelancer olarak \u00e7al\u0131\u015f\u0131labilir. Vergi m\u00fckellefi olmay\u0131p bir ajansa ba\u011fl\u0131 de\u011filseniz, birka\u00e7 ajansa birden hizmet veriyorsan\u0131z bu ajans\u0131n\u0131z\u0131 ilgilendiriyor. Bunun i\u00e7in \u00e7al\u0131\u015ft\u0131\u011f\u0131n\u0131z ajans size gider pusulas\u0131 d\u00fczenler. E\u011fer freelancer olarak ajans d\u0131\u015f\u0131nda baz\u0131 platformlar arac\u0131l\u0131\u011f\u0131 ile direkt m\u00fc\u015fteri ile ileti\u015fime ge\u00e7iyorsan\u0131z o zaman mutlaka vergi m\u00fckellefi olman\u0131z gerekiyor. Bu bug\u00fcn sorun olmayabilir ancak ilerleyen zamanlarda ba\u015f\u0131n\u0131z\u0131 ciddi a\u011fr\u0131tabilir.<\/p>\n<p><strong>Seslendirme yapt\u0131rmak isteyen ki\u015fi, \u00e7al\u0131\u015facak ki\u015finin vergi m\u00fckellefi olup olmad\u0131\u011f\u0131n\u0131 kontrol etmeli ve vergi beyannameleri d\u00fczenli bir \u015fekilde yap\u0131lmal\u0131d\u0131r<\/strong>. Ayr\u0131ca, \u00e7al\u0131\u015fan ki\u015fi ile s\u00f6zle\u015fme yaparak, \u00e7al\u0131\u015fma ko\u015fullar\u0131n\u0131 ve \u00fccretlendirmeyi de belirlemek gerekir. Bu s\u00f6zle\u015fmelerde, \u00e7al\u0131\u015fan ki\u015finin telif haklar\u0131 da belirtilmelidir.<\/p>\n<p><a href=\"https:\/\/www.sesbankasi.com\/ses-analizi\/\" target=\"_blank\" rel=\"noopener sponsored\">Seslendirme yapt\u0131rmak isteyen ki\u015fi,<\/a> ayr\u0131ca \u00e7al\u0131\u015fan ki\u015finin sosyal g\u00fcvenlik sigortas\u0131 (SGK) primlerini de \u00f6demelidir. Bu i\u015flem, \u00e7al\u0131\u015fan ki\u015finin sosyal g\u00fcvencesini sa\u011flar ve yasal y\u00fck\u00fcml\u00fcl\u00fcklerin yerine getirilmesini sa\u011flar.<\/p>\n<h2>Freelancer Seslendirme Yapmak i\u00e7in Neler Yapabilirim?<\/h2>\n<p><strong>T\u00fcrkiye\u2019de seslendirme dublaj i\u015fleriyle u\u011fra\u015fanlar\u0131n \u00e7o\u011fu \u015fah\u0131s \u015firketi ad\u0131 alt\u0131nda fatura y\u00fck\u00fcml\u00fcl\u00fc\u011f\u00fc alt\u0131na girerek bu i\u015fi yasal yollardan yapma yolunu se\u00e7mi\u015flerdir.<\/strong> Di\u011fer yasal olmayan platformlar\u0131n kadrosuna dahil olarak illegal yollardan freelancer seslendirmeyi tercih edenleri ise \u015fimdiden uyarm\u0131\u015f olal\u0131m. Bu t\u00fcr illegal kay\u0131t d\u0131\u015f\u0131 \u00e7al\u0131\u015fmalar\u0131n \u00fclke ekonomisine zarar verdi\u011fini unutmadan vatanda\u015fl\u0131k bilinciyle yasal \u00e7al\u0131\u015fmalar\u0131n i\u00e7inde olmam\u0131z \u00e7ok \u00f6nemli bir konu. Bu konuda \u015firket veya i\u015fletme sahibi ki\u015filerin bu freelancer sitelerine tevecc\u00fch etmeleri de bir di\u011fer sorun. Freelancer sitelerin verdi\u011fi hizmet kar\u015f\u0131l\u0131\u011f\u0131nda fatura kesmemesi zaten yasal olmad\u0131\u011f\u0131n\u0131 ispatlam\u0131yor mu?<\/p>\n<p>Freelancer sitelerinin verdi\u011fi hizmet kar\u015f\u0131l\u0131\u011f\u0131nda fatura kesmemesi, yasal olmad\u0131\u011f\u0131n\u0131 g\u00f6stermektedir. Bu nedenle, freelancer \u00e7al\u0131\u015fmalar\u0131nda vergi m\u00fckellefi olmak \u00f6nemlidir. Freelancerlar, web dizayn, yaz\u0131l\u0131m, tasar\u0131m, grafik tasar\u0131m\u0131 gibi masa ba\u015f\u0131 i\u015fleri de yapabilirler. <strong>Ancak, yasal olmayan platformlar\u0131 tercih etmek yerine<a href=\"https:\/\/bibersa.com\/ar\/\u0648\u0643\u0627\u0644\u0629-\u0627\u0644\u0635\u0648\u062a\/\" target=\"_blank\" rel=\"noopener sponsored\"> seslendirme ve dublaj ajanslar\u0131yla<\/a> \u00e7al\u0131\u015fmak daha do\u011fru bir se\u00e7im olacakt\u0131r.<\/strong><\/p>\n<p>Freelancer \u00e7al\u0131\u015fmalar\u0131 maalesef sadece seslendirme alan\u0131nda yap\u0131lm\u0131yor. Freelancerlar zaman zaman kar\u015f\u0131m\u0131za web dizayn, yaz\u0131l\u0131mc\u0131, tasar\u0131mc\u0131, grafiker k\u0131saca hemen hemen her yerden kolayl\u0131kla yap\u0131labilen masa ba\u015f\u0131 i\u015fleri yapanlar olarak \u00e7\u0131kabiliyor. Freelancer\u2019lar\u0131n \u2018Yahu karde\u015fim para kazanmayal\u0131m m\u0131 yani illa vergi m\u00fckellefi mi olmal\u0131y\u0131m\u2019 dedi\u011fini duyar gibiyiz. Bu soruyu soranlara cevab\u0131m\u0131z \u2018evet\u2019. S\u00fcrekli freelancer i\u015f yap\u0131yorsan\u0131z ve hesab\u0131n\u0131za s\u00fcrekli bir yerlerden d\u00fczenli \u00f6demeler geliyorsa vergi m\u00fckellefi olma zaman\u0131n\u0131z geldi demektir. Ancak y\u0131lda birka\u00e7 defa bu i\u015fi yap\u0131yorum ancak sadece ajanslara hizmet veriyorum diyorsan\u0131z bu ajans\u0131n sorumluluk alan\u0131nda olan bir konu. Ajans\u0131n size bu yapt\u0131rd\u0131\u011f\u0131 i\u015f kar\u015f\u0131l\u0131\u011f\u0131nda gider pusulas\u0131 d\u00fczenlemesi gerekiyor. Freelancer hangi i\u015fi yap\u0131yor olursan\u0131z olun yasal olmayan platformlar\u0131 tercih etmek yerine seslendirme ve dublaj ajanslar\u0131yla \u00e7al\u0131\u015fman\u0131z daha do\u011fru duru\u015f olacakt\u0131r.<\/p>\n<p>Freelance \u00e7al\u0131\u015fanlar, T\u00fcrkiye&#8217;nin yan\u0131 s\u0131ra d\u00fcnyan\u0131n bir\u00e7ok \u00fclkesinde mevcuttur. Ancak, \u00fclkelerin bireysel kurumsalla\u015fmay\u0131 te\u015fvik etmesi ve her vatanda\u015f\u0131 vergi m\u00fckellefi yapmas\u0131, bu \u00e7al\u0131\u015fmalar\u0131n \u00fclke ekonomilerini tehdit eden boyutlara gelmemesi i\u00e7in \u00f6nemlidir.<strong> T\u00fcrkiye&#8217;de freelancer seslendirme sadece ajanslar arac\u0131l\u0131\u011f\u0131yla i\u015f yaparak legal yolu takip etmelidirler.<\/strong> Di\u011fer bir se\u00e7enek olarak, freelancer olmaktan istifa edip \u015fah\u0131s \u015firketi kurarak fatura kesebilir hale gelmeleri gerekiyor. Yasal olmayan hi\u00e7bir \u015feye tevess\u00fcl etmek yerine, haks\u0131z rekabete neden olacak t\u00fcm enstr\u00fcmanlar\u0131 b\u0131rakarak yasal yollar\u0131 takip etmek \u00f6nemlidir.<\/p>\n<p>&nbsp;<\/p>","protected":false},"excerpt":{"rendered":"<p>&#8220;Freelancer Seslendirme Yasal m\u0131&#8221; i\u00e7eri\u011fimizde son zamanlar\u0131n trend konular\u0131ndan biri olan &#8220;freelancer&#8221;larla ilgili seslendirme \u00e7al\u0131\u015fmalar\u0131na odaklanarak, bu alanda yasal prosed\u00fcrler hakk\u0131nda bilgi vermeyi ama\u00e7l\u0131yoruz. T\u00fcrkiye&#8217;de, 2015 y\u0131l\u0131ndan itibaren, freelance \u00e7al\u0131\u015fman\u0131n pop\u00fcler hale gelmesiyle birlikte, bu konuyla ilgili sorular artmaktad\u0131r. Freelance \u00e7al\u0131\u015fman\u0131n tarihi olduk\u00e7a eskiye dayan\u0131r. Antik Roma d\u00f6neminde, ba\u011f\u0131ms\u0131z meslek sahibi olan \u00e7o\u011fu insanlar, serbest [&hellip;]<\/p>\n","protected":false},"author":2,"featured_media":10708,"comment_status":"closed","ping_status":"closed","sticky":false,"template":"","format":"standard","meta":{"footnotes":""},"categories":[1],"tags":[],"class_list":["post-10261","post","type-post","status-publish","format-standard","has-post-thumbnail","hentry","category-blog"],"featured_image_src":{"landsacpe":["https:\/\/bibersa.com\/wp-content\/uploads\/2018\/09\/freelancer-seslendirme-yasal-m\u0131.jpg",779,445,false],"list":["https:\/\/bibersa.com\/wp-content\/uploads\/2018\/09\/freelancer-seslendirme-yasal-m\u0131.jpg",463,265,false],"medium":["https:\/\/bibersa.com\/wp-content\/uploads\/2018\/09\/freelancer-seslendirme-yasal-m\u0131-300x171.jpg",300,171,true],"full":["https:\/\/bibersa.com\/wp-content\/uploads\/2018\/09\/freelancer-seslendirme-yasal-m\u0131.jpg",1500,857,false]},"_links":{"self":[{"href":"https:\/\/bibersa.com\/ar\/wp-json\/wp\/v2\/posts\/10261","targetHints":{"allow":["GET"]}}],"collection":[{"href":"https:\/\/bibersa.com\/ar\/wp-json\/wp\/v2\/posts"}],"about":[{"href":"https:\/\/bibersa.com\/ar\/wp-json\/wp\/v2\/types\/post"}],"author":[{"embeddable":true,"href":"https:\/\/bibersa.com\/ar\/wp-json\/wp\/v2\/users\/2"}],"replies":[{"embeddable":true,"href":"https:\/\/bibersa.com\/ar\/wp-json\/wp\/v2\/comments?post=10261"}],"version-history":[{"count":0,"href":"https:\/\/bibersa.com\/ar\/wp-json\/wp\/v2\/posts\/10261\/revisions"}],"wp:featuredmedia":[{"embeddable":true,"href":"https:\/\/bibersa.com\/ar\/wp-json\/wp\/v2\/media\/10708"}],"wp:attachment":[{"href":"https:\/\/bibersa.com\/ar\/wp-json\/wp\/v2\/media?parent=10261"}],"wp:term":[{"taxonomy":"category","embeddable":true,"href":"https:\/\/bibersa.com\/ar\/wp-json\/wp\/v2\/categories?post=10261"},{"taxonomy":"post_tag","embeddable":true,"href":"https:\/\/bibersa.com\/ar\/wp-json\/wp\/v2\/tags?post=10261"}],"curies":[{"name":"wp","href":"https:\/\/api.w.org\/{rel}","templated":true}]}}