{"id":11291,"date":"2019-02-19T01:22:48","date_gmt":"2019-02-18T22:22:48","guid":{"rendered":"https:\/\/bibersa.com\/?p=11291"},"modified":"2023-04-16T21:50:35","modified_gmt":"2023-04-16T18:50:35","slug":"kurumsal-seslendirme-sanatcilari","status":"publish","type":"post","link":"https:\/\/bibersa.com\/ar\/%d9%85%d9%82%d8%a7%d9%84%d8%a7%d8%aa\/%d9%85%d8%a7-%d9%87%d9%88-%d9%85%d9%85%d8%ab%d9%84-%d8%a7%d9%84%d8%b5%d9%88%d8%aa-%d8%a7%d9%84%d8%aa%d8%ac%d8%a7%d8%b1%d9%8a\/","title":{"rendered":"Kurumsal Seslendirme Sanat\u00e7\u0131lar\u0131 ve Marka \u0130maj Seslendirme"},"content":{"rendered":"<p>Televizyon, Sosyal medya ve radyo mecras\u0131nda reklam ku\u015faklar\u0131nda bir s\u00fcr\u00fc markan\u0131n, \u00fcr\u00fcn ve hizmetin reklamlar\u0131n\u0131 g\u00f6r\u00fcyor ve i\u015fitiyoruz. Farkl\u0131 senaryolar ve tarifler ile marka \u00fcr\u00fcn ve hizmetin fark\u0131n\u0131 ortaya koyan bir s\u00fcr\u00fc reklam filmi ve anonslar. Her kurum marka, \u00fcr\u00fcn ve hizmeti i\u00e7in farkl\u0131 reklam senaryolar\u0131 kaleme al\u0131yor. Reklam senaryolar\u0131 i\u00e7in en zor s\u00fcre\u00e7lerden biri de bu senaryonun sesi kim olmal\u0131? <strong>\u00c7\u00fcnk\u00fc kurumsal bir seslendirme yaparken ayn\u0131 zamanda markan\u0131n imaj\u0131 da s\u00f6z konusu. Yani kurumsal seslendirme yaparken marka imaj seslendirme \u00e7al\u0131\u015fmas\u0131 da yap\u0131lmakta.<\/strong><\/p>\n<p><strong>T\u00fcm bu nedenlerden \u00f6t\u00fcr\u00fc seslendirme sanat\u00e7\u0131s\u0131 se\u00e7imi reklam senaryosunu ve fikri \u00fcretmek kadar zor.<\/strong> <a href=\"https:\/\/www.sesbankasi.com\/ses-bankasi\/\" target=\"_blank\" rel=\"noopener sponsored\">Y\u00fczlerce ses<\/a> aras\u0131ndan hangi ses, yaz\u0131lm\u0131\u015f olan reklam senaryosuna hakk\u0131yla ses verecek? Bu markay\u0131 \u00fcr\u00fcn\u00fc veya hizmeti televizyon, sosyal medya ve radyo reklamlar\u0131nda kim nas\u0131l temsil edecek.<\/p>\n<p>Bu konuda seslendirme ajanslar\u0131n\u0131n ses bankas\u0131nda yer alan seslendirme sanat\u00e7\u0131lar\u0131n\u0131 dinleyip y\u00fczlerce ses aras\u0131ndan reklam senaryonuza ses verecek sesi se\u00e7mek olduk\u00e7a zor g\u00f6r\u00fcn\u00fcyor. <strong>Tam burada kurumsal ses kavram\u0131 devreye giriyor. <\/strong>Kurumsal ses; marka, \u00fcr\u00fcn ve hizmet ile \u00f6zde\u015fle\u015fmi\u015f ses demek. \u00d6rnek verecek olursak Turkcell reklamlar\u0131n\u0131 belirli bir d\u00f6nem Ali Poyrazo\u011flu seslendirdi. Ali Poyrazo\u011flu Turkcell firmas\u0131n\u0131n kurumsal sesiydi. Tabi bu durum markaya uzun vadede bilinirlik sa\u011flarken seslendirme sanat\u00e7\u0131s\u0131n\u0131n ise ka\u015fe bedelinin de\u011ferlenmesine sebep oldu. Bunun gibi medyada dinledi\u011fimiz y\u00fczlerce \u00f6rnek var. Ayr\u0131ca Turkcell&#8217;in Ali Poyrazo\u011flu ile \u00e7al\u0131\u015fmas\u0131 marka imaj seslendirme yapmas\u0131 Turkcell&#8217;in t\u00fcketici g\u00f6z\u00fcnde g\u00fcveninin artmas\u0131na neden oldu. \u00c7\u00fcnk\u00fc a\u015fina sesler, g\u00fcven duyusunu tetikler.<\/p>\n<h2>Kurumsal Seslendirme i\u00e7in Ses Se\u00e7ilirken <strong>N<\/strong>eye Dikkat Edilmeli?<\/h2>\n<p>Marka, \u00fcr\u00fcn veya hizmetiniz hedef kitle ile \u00e7e\u015fitli mecralar arac\u0131l\u0131\u011f\u0131 ile temas kurar. \u00d6rne\u011fin <a href=\"https:\/\/bibersa.com\/ar\/tanitim-filmi-cekimi\/\">tan\u0131t\u0131m filmi<\/a> veya reklam filminiz var ise hedef kitleniz ile televizyon, sosyal medya mecralar\u0131nda temas kurars\u0131n\u0131z. Santral anonslar\u0131yla telefon santralinizde, radyo reklamlar\u0131yla radyo mecras\u0131nda temas kurars\u0131n\u0131z. Temas kurdu\u011funuz ses di\u011fer ad\u0131yla kurumsal sesiniz kim olmal\u0131? Bu neden \u00e7ok \u00f6nemli? \u00c7\u00fcnk\u00fc marka bilinirli\u011finde seslendirme, logo, jingle gibi kurumsal i\u00e7eriklerin istikrar\u0131 \u00e7ok \u00f6nemli.<\/p>\n<p>Marka, \u00fcr\u00fcn ve hizmetinizi ayn\u0131 logo, ayn\u0131 ses, ayn\u0131 jingle ile istikrarl\u0131 bir \u015fekilde duyurmak ge\u00e7mi\u015fte insan haf\u0131zas\u0131nda kal\u0131c\u0131 ba\u015far\u0131l\u0131 sonu\u00e7lar elde etmi\u015ftir. Bu nedenle denenmi\u015f ve sonu\u00e7 al\u0131nm\u0131\u015f bir tecr\u00fcbeden istifa edilecek, markan\u0131za yapaca\u011f\u0131n\u0131z en \u00f6nemli yat\u0131r\u0131md\u0131r. Kurumsal sesin se\u00e7iminde \u015f\u00fcphesiz i\u015fin uzmanlar\u0131na dan\u0131\u015f\u0131lmal\u0131 ve <a href=\"https:\/\/bibersa.com\/ar\/\u0648\u0643\u0627\u0644\u0629-\u0627\u0644\u0635\u0648\u062a\/\">seslendirme ajanslar\u0131<\/a> ile bu konu isti\u015fare edilmeli. \u00d6rne\u011fin senaryo biraz espri i\u00e7eriyor ise o espriyi dinleyiciye aktaracak bir seslendirme sanat\u00e7\u0131s\u0131 tercih edilmeli.<\/p>\n<p>BiberSA Prod\u00fcksiyon 20 y\u0131l\u0131 a\u015fk\u0131nd\u0131r seslendirme sekt\u00f6r\u00fcnde var olan ve dolay\u0131s\u0131yla tek ba\u015f\u0131na bir ara\u015ft\u0131rma konusu olacak kadar k\u00f6klenmi\u015f bir \u015firkettir. BiberSA Prod\u00fcksiyon&#8217;a ait Ses Bankas\u0131&#8217;ndaki ses se\u00e7imine bakarak kurumsal seslendirmeden ses se\u00e7imi ile ilgili olarak birka\u00e7 bilgi edindik. Buna g\u00f6re Ses bankas\u0131ndan T\u00fcrkiye\u2019de \u015firketlerin %54 l\u00fck bir k\u0131sm\u0131 ses rengi olarak bas ve bariton sesleri tercih ediyor. Baz\u0131 ajanslarda bu sesin kar\u015f\u0131l\u0131\u011f\u0131 tok sesler olarak kar\u015f\u0131l\u0131k buluyor. Geri kalan %27&#8217;lik k\u0131s\u0131m tenor sesleri tercih ederken, %19&#8217;luk k\u0131s\u0131m ise soprano, mezzo soprano ve alto sesleri kurumsal ses olarak tercih ediyor*.<\/p>\n<p>Toparlarsak kurumsal seslendirme i\u00e7in ses se\u00e7iminde dikkat edilmesi gereken noktalar \u015fu \u015fekilde:<\/p>\n<ul>\n<li><strong>Marka imaj seslendirme \u00e7al\u0131\u015fmalar\u0131na uygun bir ses se\u00e7in:<\/strong> Markan\u0131z\u0131n imaj\u0131, kurumsal seslendirme i\u00e7in se\u00e7ece\u011finiz sesin de karakteristi\u011fini belirler. \u00d6rne\u011fin; e\u011fer markan\u0131z sert ve ciddi bir imaj yans\u0131t\u0131yorsa, bu karakteristik \u00f6zelliklere sahip bir ses se\u00e7meniz gerekir. Benzer \u015fekilde, e\u011fer markan\u0131z\u0131n imaj\u0131 samimi ve sevecen bir imaj ise, bu karakteristik \u00f6zelliklere sahip bir ses se\u00e7melisiniz.<\/li>\n<li><strong>Hedef kitlenizi, ba\u015fka bir deyi\u015fle temas edece\u011finiz kitlenin demografik yap\u0131s\u0131n\u0131 g\u00f6z \u00f6n\u00fcnde bulundurun:<\/strong> Markan\u0131z\u0131n hedef kitlesi, kurumsal seslendirme i\u00e7in se\u00e7ece\u011finiz sesin tonunu belirleyen fakt\u00f6rlerden biridir. \u00d6rne\u011fin; e\u011fer hedef kitleniz gen\u00e7 bir kitle ise, enerjik ve ne\u015feli bir ses se\u00e7ebilirsiniz. E\u011fer hedef kitleniz ya\u015fl\u0131 bir kitle ise, daha sakin ve rahatlat\u0131c\u0131 bir ses se\u00e7meniz daha uygun olacakt\u0131r.<\/li>\n<li><strong>Diksiyonu d\u00fczg\u00fcn bir ses se\u00e7in<\/strong>: Kurumsal seslendirmede, do\u011fru ve d\u00fczg\u00fcn bir diksiyon olduk\u00e7a \u00f6nemlidir. Se\u00e7ece\u011finiz sesin kelime vurgular\u0131n\u0131 ve telaffuzlar\u0131n\u0131 do\u011fru yapabilmesi, mesaj\u0131n do\u011fru \u015fekilde iletilmesini sa\u011flar.<\/li>\n<li><strong>Profesyonel bir ses se\u00e7in:<\/strong> Markan\u0131z i\u00e7in profesyonel bir imaj olu\u015fturmak i\u00e7in, profesyonel bir ses se\u00e7meniz gerekir. Do\u011fru vurgular\u0131 yapabilen, diksiyonu d\u00fczg\u00fcn, tonlama becerisi y\u00fcksek bir ses se\u00e7erek, markan\u0131z i\u00e7in profesyonel bir imaj olu\u015fturabilirsiniz. BiberSA Prod\u00fcksiyon i\u00e7inde alaca\u011f\u0131n\u0131z herhangi bir seslendirme hizmeti i\u00e7in <strong>p<a href=\"https:\/\/bibersa.com\/ar\/\u0641\u0646\u0627\u0646\u0648-\u0627\u0644\u062a\u0639\u0644\u064a\u0642-\u0627\u0644\u0635\u0648\u062a\u064a\/\" target=\"_blank\" rel=\"noopener sponsored\">rofesyonel seslendirme sanat\u00e7\u0131lar\u0131<\/a> <\/strong>ile \u00e7al\u0131\u015f\u0131rs\u0131n\u0131z.<\/li>\n<li><strong>Referanslar\u0131n\u0131 inceleyin<\/strong>: Se\u00e7ece\u011finiz sesin daha \u00f6nce yapt\u0131\u011f\u0131 \u00e7al\u0131\u015fmalar\u0131 ve referanslar\u0131n\u0131 inceleyin. Daha \u00f6nce markalarla \u00e7al\u0131\u015fm\u0131\u015f bir ses se\u00e7mek, size kaliteli bir i\u015f sunma konusunda daha g\u00fcvenli hissettirecektir<\/li>\n<\/ul>\n<p>Kurumsal seslendirme i\u00e7in do\u011fru sesi se\u00e7mek, markan\u0131z\u0131n ba\u015far\u0131s\u0131 i\u00e7in olduk\u00e7a \u00f6nemlidir. Yukar\u0131daki fakt\u00f6rlere dikkat ederek, i\u015fletmeniz i\u00e7in uygun ve etkili bir ses se\u00e7ebilirsiniz.<\/p>\n<h3>Kurumsal Ses Ka\u015feleri Hangi Kriterlere G\u00f6re Belirleniyor?<\/h3>\n<p>T\u00fcrkiye\u2019de profesyonel anlamda seslendirme ve dublaj i\u015fi ile u\u011fra\u015fan yakla\u015f\u0131k \u00fc\u00e7 bin ki\u015fi oldu\u011fu d\u00fc\u015f\u00fcn\u00fcl\u00fcyor**. Bu seslerin hepsi me\u015fhur ve ka\u015feye tabi sesler de\u011fil elbette.\u00a0 A\u015fina oldu\u011funuz bir sesin ka\u015fe bedeli olur.<strong> Ka\u015fe bedeli seslendirme sanat\u00e7\u0131s\u0131n\u0131n pop\u00fclaritesiyle di\u011fer bir deyi\u015fle me\u015fhurlu\u011fu ile orant\u0131l\u0131d\u0131r<\/strong>. Yani bu seslendirme sanat\u00e7\u0131s\u0131 medyada hangi markaya, \u00fcr\u00fcne ve hizmete ses verdi? Bir defa vermesi k\u00e2fi de\u011fil. Bir\u00e7ok defa duydu\u011fumuz ve a\u015fina oldu\u011fumuz, bu da yetmek tercih edilen bir ses olmal\u0131. Baz\u0131 seslerin ka\u015fe bedelini ba\u011fl\u0131 bulundu\u011fu ajans belirlerken, baz\u0131 sesler ka\u015fe bedelini kendisi belirleyebiliyor. Ka\u015fe bedeli belirlenirken elbette metin uzunlu\u011fu, reklam\u0131n hangi mecralarda ne kadar s\u00fcre yay\u0131nlanaca\u011f\u0131 gibi parametreler \u00f6nemli rol oynuyor.<\/p>\n<h2>Marka \u0130maj Seslendirme Nedir?<\/h2>\n<p><strong>Marka imaj seslendirme bir marka ki\u015fili\u011fidir<\/strong>. Bir m\u00fc\u015fterinin marka hakk\u0131nda ne d\u00fc\u015f\u00fcnd\u00fc\u011f\u00fcn\u00fc, marka ile ilgili alg\u0131s\u0131n\u0131 ifade eder. Markan\u0131n yer ald\u0131\u011f\u0131 alan ne olursa olsun do\u011fru duygusal tepkinin yarat\u0131lmas\u0131n\u0131 sa\u011flar. Bir markan\u0131n m\u00fc\u015fterileri ile konu\u015fma bi\u00e7imini ve ileti\u015fim tarz\u0131n\u0131 yans\u0131t\u0131r.<\/p>\n<p><strong>Marka imaj seslendirme sadece bir sesten ibaret de\u011fildir, markan\u0131n ki\u015fili\u011fini temsil eder.<\/strong> Bu ki\u015filik, belirlenen m\u00fc\u015fteri temas ara\u00e7lar\u0131yla markan\u0131n de\u011ferlerini yans\u0131tarak m\u00fc\u015fterinin akl\u0131nda bir yer edinir. Marka imaj\u0131, ba\u015far\u0131l\u0131 bir marka kimli\u011fi stratejisi ile birlikte zaman i\u00e7erisinde geli\u015fir. Marka imaj\u0131 ba\u015far\u0131s\u0131 i\u00e7in marka stratejilerinin tutarl\u0131 ve s\u00fcrd\u00fcrebilir olmas\u0131 gerekir. Marka imaj\u0131 yaln\u0131zca \u00fcr\u00fcn veya hizmet kullan\u0131m\u0131 ile de\u011fil marka ile olan etkile\u015fime dayal\u0131 olu\u015fmaktad\u0131r. Stratejik pazarlama faaliyetleri ile hem mevcut m\u00fc\u015fteri hem de potansiyel m\u00fc\u015fterileri kapsayacak \u015fekilde marka imaj\u0131 yaratmak m\u00fcmk\u00fcnd\u00fcr.<\/p>\n<p>Marka imaj seslendirmesi, markan\u0131n ki\u015fili\u011fi ve kimli\u011fini yans\u0131tmal\u0131d\u0131r. <strong>Bu nedenle, ses tonu, h\u0131z\u0131, vurgusu, tonlamas\u0131, c\u00fcmlelerin ak\u0131c\u0131l\u0131\u011f\u0131 gibi fakt\u00f6rler, markan\u0131n hedefledi\u011fi kitleyi etkilemek i\u00e7in \u00f6nemlidir. Seslendirme sanat\u00e7\u0131s\u0131, markan\u0131n de\u011ferlerini anlamal\u0131 ve markan\u0131n kimli\u011fiyle uyumlu bir ses tonu kullanmal\u0131d\u0131r.<\/strong><\/p>\n<p>Marka imaj seslendirme, bir markan\u0131n kendisini tan\u0131tmak, \u00fcr\u00fcnlerini veya hizmetlerini tan\u0131tmak ve potansiyel m\u00fc\u015fterilerini etkilemek amac\u0131yla yap\u0131ld\u0131\u011f\u0131 i\u00e7in bu sesler marka ad\u0131 ile \u00f6zle\u015fir. Bu t\u00fcr seslendirmeler, reklam filmleri, radyo ve televizyon reklamlar\u0131, sosyal medya videolar\u0131, web siteleri, telefon santralleri, kurumsal filmler ve di\u011fer bir\u00e7ok tan\u0131t\u0131m materyalinde kullan\u0131labilir.<\/p>\n<p>Bir\u00e7ok benzer firma aras\u0131nda hedef kitleye mesajlar\u0131n istenilen \u015fekilde aktar\u0131lmas\u0131n\u0131 ve yorumlanmas\u0131n\u0131 sa\u011flaman\u0131n en iyi yolu marka imaj\u0131n\u0131 do\u011fru konumland\u0131rmak ve bunu s\u00fcrd\u00fcr\u00fclebilir k\u0131lmakt\u0131r. Bir markan\u0131n t\u00fcm m\u00fc\u015fteriler taraf\u0131ndan ayn\u0131 \u015fekilde alg\u0131lanmas\u0131n\u0131 sa\u011flamak, marka kimli\u011fini yaratmak beraberinde g\u00fc\u00e7l\u00fc bir imaj\u0131 getirir. Ba\u015far\u0131l\u0131 marka imaj\u0131 t\u00fcm kitleler taraf\u0131ndan zihinlerde ayn\u0131 mesaj\u0131 vermeyi ba\u015far\u0131r. <strong>\u00d6rne\u011fin;<\/strong> Coca-Cola, Disney, Adidas, Nike gibi global markalar bunu ba\u015farabilmi\u015ftir.<\/p>\n<p><strong>G\u00fc\u00e7l\u00fc bir marka imaj\u0131 yaratman\u0131n marka deneyimi a\u00e7\u0131s\u0131ndan avantajlar\u0131n\u0131 \u00f6zetlemek gerekirse:<\/strong><\/p>\n<ul>\n<li>Tutarl\u0131 bir mesaj vererek marka g\u00fcveni ve sadakati olu\u015fturmaya yard\u0131mc\u0131 olur.<\/li>\n<li>Hedef kitle ile marka aras\u0131nda daha kolay ili\u015fki kurmas\u0131n\u0131 sa\u011flar.<\/li>\n<li>Kontrol\u00fc elde tutma ve fikirlerin \u015fekillendirilmesine olanak tan\u0131r.<\/li>\n<li>Markaya \u00f6zel bir stil ve ki\u015filik geli\u015ftirilmesine yard\u0131mc\u0131 olur.<\/li>\n<li>Marka toplulu\u011fu olu\u015fturulmas\u0131n\u0131 destekler.<\/li>\n<li>Ayn\u0131 marka alt\u0131nda yeni \u00fcr\u00fcnler sunmay\u0131 kolayla\u015ft\u0131r\u0131r.<\/li>\n<li>M\u00fc\u015fterilerle \u00f6zg\u00fcn etkile\u015fim ve kal\u0131c\u0131 ili\u015fkiler kurmaya yard\u0131mc\u0131 olur.<\/li>\n<li>Yeni m\u00fc\u015fteri kazan\u0131m\u0131na katk\u0131da bulunur.<\/li>\n<\/ul>\n<h2>\u0130maj Seslendirme ile Reklam Seslendirme Aras\u0131ndaki Fark Nedir?<\/h2>\n<p>Marka imaj seslendirme markan\u0131n hik\u00e2yesini anlat\u0131r. Reklam filmi, tan\u0131t\u0131m filmi, viral video gibi reklam videolar\u0131nda &#8220;marka ismi&#8221; veya &#8220;marka slogan\u0131&#8221; seslendirilmesi ile m\u00fc\u015fteri \u00fczerinde g\u00fc\u00e7l\u00fc hisler uyand\u0131r\u0131l\u0131r. Marka imaj sesi genellikle reklam videolar\u0131n\u0131n son b\u00f6l\u00fcm\u00fcnde marka slogan\u0131n\u0131 veya marka ismini seslendirir. G\u00fc\u00e7l\u00fc ve do\u011fru hedeflenmi\u015f seslendirme bir reklam i\u00e7in \u00e7ok \u015fey ifade eder.<\/p>\n<p>Reklam seslendirme ise yay\u0131nlanan reklam mesaj\u0131n\u0131 vermek i\u00e7in kullan\u0131lan g\u00f6r\u00fcnt\u00fc, ses ve yaz\u0131l\u0131 metnin kullan\u0131lmas\u0131d\u0131r. Marka karakteri ve reklam senaryosuna uygun sesin se\u00e7ilmesi reklam metnine hayat veren ses olarak \u00f6zetlenebilir. Reklam seslendirme ile imaj seslendirme ile aras\u0131ndaki fark ise imaj seslendirmede slogan veya marka isminin marka ile \u00f6zde\u015fle\u015fen bir ses taraf\u0131ndan seslendirilmesidir. \u0130maj seslendirme k\u0131sa ve ay\u0131rt edicidir.<\/p>\n<p>Bir \u00f6rnekle a\u00e7\u0131klamak gerekirse Motorola markas\u0131 do\u011fru bir model olacakt\u0131r. Motorola markas\u0131 t\u00fcm reklamlar\u0131n\u0131n sonunda \u201cHello Moto\u201d sesini kullanm\u0131\u015f ve t\u00fcm kitlelere ula\u015fan bir imaj seslendirme yaratm\u0131\u015ft\u0131r. Marka ile ilgili akla ilk gelen bu slogan olmu\u015ftur. Motorola reklamlar\u0131 inceledi\u011finizde reklam metinlerinin farkl\u0131 i\u00e7eri\u011fe sahip oldu\u011funu, farkl\u0131 sesler taraf\u0131ndan reklam seslendirme yap\u0131lmas\u0131na ra\u011fmen imaj seslendirmenin hep ayn\u0131 kald\u0131\u011f\u0131 hemen fark edilir. Bu y\u00f6n\u00fcyle imaj seslendirme reklam seslendirmeden ayr\u0131\u015farak markay\u0131 benzersiz k\u0131lm\u0131\u015ft\u0131r. Marka mesaj\u0131n\u0131 g\u00fc\u00e7lendiren imaj sei, reklam seslendirmelerinin ak\u0131lda kalmas\u0131na da katk\u0131da bulunur.<\/p>\n<h2>Marka \u0130maj Seslendirme ve Kurumsal Seslendirme \u0130li\u015fkisi<\/h2>\n<p>Marka imaj\u0131 ve kurumsal seslendirme aras\u0131nda yak\u0131n bir ili\u015fki vard\u0131r. K<strong>urumsal seslendirme, bir markan\u0131n kurumsal kimli\u011fini yans\u0131tan ve m\u00fc\u015fterileriyle etkile\u015fim kurarken kullan\u0131lan bir ileti\u015fim arac\u0131d\u0131r. Marka imaj\u0131 ise, bir markan\u0131n alg\u0131lanan kimli\u011fi ve t\u00fcketicilerin markayla ilgili d\u00fc\u015f\u00fcnceleri ve hisleridir.<\/strong><\/p>\n<p>Marka imaj\u0131, markan\u0131n kurumsal seslendirme stratejisi ile birle\u015ftirilerek, m\u00fc\u015fterilere bir b\u00fct\u00fcnl\u00fck ve tutarl\u0131l\u0131k hissi verir. Kurumsal seslendirme, markan\u0131n imaj\u0131n\u0131 yans\u0131tmak ve g\u00fc\u00e7lendirmek i\u00e7in bir ara\u00e7t\u0131r. Marka imaj\u0131, kurumsal seslendirme arac\u0131l\u0131\u011f\u0131yla bir ses tonu, dili, h\u0131z\u0131 ve vurgusu gibi fakt\u00f6rlerle \u015fekillenir.<\/p>\n<p>Kurumsal seslendirme, markan\u0131n hedef kitleye ula\u015fmas\u0131nda \u00f6nemli bir rol oynar. Do\u011fru tonlama ve uygun vurgularla yap\u0131lan bir kurumsal seslendirme, markan\u0131n hedef kitleye ula\u015fmas\u0131na ve olumlu bir etki b\u0131rakmas\u0131na yard\u0131mc\u0131 olur. Bu nedenle, kurumsal seslendirme stratejisi olu\u015fturulurken, markan\u0131n imaj\u0131 ve temas kitlesi g\u00f6z \u00f6n\u00fcnde bulundurulmal\u0131d\u0131r.<\/p>\n<p><strong>Yap\u0131lan ara\u015ft\u0131rmalara g\u00f6re marka imaj seslendirme se\u00e7iminde a\u011f\u0131rl\u0131kl\u0131 olarak &#8220;bas ses&#8221; di\u011fer tan\u0131mlar\u0131 ile &#8220;pes ses&#8221;, &#8220;tok ses&#8221; tercih edilmektedir. \u0130nsanlar taraf\u0131ndan g\u00fcven verici, karakteristik ve karizmatik bulunan bas sesler marka imaj seslendirme se\u00e7iminde etkileyicidir.<\/strong> Markan\u0131z i\u00e7in imaj seslendirme talebinde bulunurken marka sesi ile kar\u0131\u015ft\u0131rmamaya \u00f6zen g\u00f6stermelisiniz. Ayn\u0131 seslendirme sanat\u00e7\u0131s\u0131n\u0131n hem marka sesi hem de imaj sesi oldu\u011fu \u00e7al\u0131\u015fmalar bulunsa da marka sesi ve marka imaj seslendirme se\u00e7iminde profesyonel seslendirme ajans\u0131n\u0131zdan destek isteyebilirsiniz. Markan\u0131z i\u00e7in uygun imaj seslendirme se\u00e7imi ajans\u0131n\u0131zla payla\u015faca\u011f\u0131n\u0131z brief do\u011frultusunda ger\u00e7ekle\u015fir. Marka imaj seslendirmeye hayat verecek seslendirme sanat\u00e7\u0131s\u0131 seslendirme ajans\u0131 taraf\u0131ndan belirlendikten sonra m\u00fc\u015fteriye sunulur ve m\u00fc\u015fteri onay\u0131 halinde imaj sesi se\u00e7ilir.<\/p>\n<p><strong>Sonu\u00e7 olarak markan\u0131z\u0131n rakiplerinden s\u0131yr\u0131larak insanlar\u0131n haf\u0131zas\u0131nda yer etmesini sa\u011flamak i\u00e7in marka imaj sesinin ak\u0131lda kal\u0131c\u0131 ve ay\u0131rt edici olmas\u0131 gerekiyor.<\/strong> Markan\u0131z\u0131n ki\u015fili\u011fini yans\u0131tacak, hedef kitle ile ba\u011flant\u0131 kurman\u0131za yard\u0131mc\u0131 olacak ve sizi ayr\u0131\u015ft\u0131racak do\u011fru sesi se\u00e7melisiniz. \u0130maj seslendirme karakteri se\u00e7iminde markan\u0131z\u0131n hangi sekt\u00f6rde yer ald\u0131\u011f\u0131, hedef kitleniz, hedef kitlenizin kulland\u0131\u011f\u0131 ileti\u015fim kanallar\u0131, marka de\u011ferleriniz \u00f6nem ta\u015f\u0131maktad\u0131r. <a href=\"https:\/\/bibersa.com\/ar\/\u0641\u0646\u0627\u0646\u0648-\u0627\u0644\u062a\u0639\u0644\u064a\u0642-\u0627\u0644\u0635\u0648\u062a\u064a\/\" target=\"_blank\" rel=\"noopener sponsored\"><b>BiberSA Seslendirme Sanat\u00e7\u0131lar\u0131 <\/b><\/a>\u00a0alan\u0131nda uzman profesyonel seslendirme sanat\u00e7\u0131lar\u0131n\u0131n seslerini\u00a0 dinleyebilirsiniz. Unutmay\u0131n; markan\u0131z\u0131 do\u011fru yans\u0131tacak sesi bulmak ak\u0131lda kal\u0131c\u0131 ve tutarl\u0131 bir marka olman\u0131n anahtar\u0131d\u0131r.<\/p>","protected":false},"excerpt":{"rendered":"<p>Televizyon, Sosyal medya ve radyo mecras\u0131nda reklam ku\u015faklar\u0131nda bir s\u00fcr\u00fc markan\u0131n, \u00fcr\u00fcn ve hizmetin reklamlar\u0131n\u0131 g\u00f6r\u00fcyor ve i\u015fitiyoruz. Farkl\u0131 senaryolar ve tarifler ile marka \u00fcr\u00fcn ve hizmetin fark\u0131n\u0131 ortaya koyan bir s\u00fcr\u00fc reklam filmi ve anonslar. Her kurum marka, \u00fcr\u00fcn ve hizmeti i\u00e7in farkl\u0131 reklam senaryolar\u0131 kaleme al\u0131yor. Reklam senaryolar\u0131 i\u00e7in en zor s\u00fcre\u00e7lerden biri [&hellip;]<\/p>\n","protected":false},"author":2,"featured_media":11293,"comment_status":"closed","ping_status":"closed","sticky":false,"template":"","format":"standard","meta":{"footnotes":""},"categories":[1],"tags":[],"class_list":["post-11291","post","type-post","status-publish","format-standard","has-post-thumbnail","hentry","category-blog"],"featured_image_src":{"landsacpe":["https:\/\/bibersa.com\/wp-content\/uploads\/2019\/02\/kurumsal-seslendirme-sanatcilari.jpg",791,445,false],"list":["https:\/\/bibersa.com\/wp-content\/uploads\/2019\/02\/kurumsal-seslendirme-sanatcilari.jpg",463,260,false],"medium":["https:\/\/bibersa.com\/wp-content\/uploads\/2019\/02\/kurumsal-seslendirme-sanatcilari-300x169.jpg",300,169,true],"full":["https:\/\/bibersa.com\/wp-content\/uploads\/2019\/02\/kurumsal-seslendirme-sanatcilari.jpg",2048,1152,false]},"_links":{"self":[{"href":"https:\/\/bibersa.com\/ar\/wp-json\/wp\/v2\/posts\/11291","targetHints":{"allow":["GET"]}}],"collection":[{"href":"https:\/\/bibersa.com\/ar\/wp-json\/wp\/v2\/posts"}],"about":[{"href":"https:\/\/bibersa.com\/ar\/wp-json\/wp\/v2\/types\/post"}],"author":[{"embeddable":true,"href":"https:\/\/bibersa.com\/ar\/wp-json\/wp\/v2\/users\/2"}],"replies":[{"embeddable":true,"href":"https:\/\/bibersa.com\/ar\/wp-json\/wp\/v2\/comments?post=11291"}],"version-history":[{"count":0,"href":"https:\/\/bibersa.com\/ar\/wp-json\/wp\/v2\/posts\/11291\/revisions"}],"wp:featuredmedia":[{"embeddable":true,"href":"https:\/\/bibersa.com\/ar\/wp-json\/wp\/v2\/media\/11293"}],"wp:attachment":[{"href":"https:\/\/bibersa.com\/ar\/wp-json\/wp\/v2\/media?parent=11291"}],"wp:term":[{"taxonomy":"category","embeddable":true,"href":"https:\/\/bibersa.com\/ar\/wp-json\/wp\/v2\/categories?post=11291"},{"taxonomy":"post_tag","embeddable":true,"href":"https:\/\/bibersa.com\/ar\/wp-json\/wp\/v2\/tags?post=11291"}],"curies":[{"name":"wp","href":"https:\/\/api.w.org\/{rel}","templated":true}]}}