{"id":22127,"date":"2022-12-16T14:00:10","date_gmt":"2022-12-16T11:00:10","guid":{"rendered":"https:\/\/bibersa.com\/?p=22127"},"modified":"2023-01-06T14:21:54","modified_gmt":"2023-01-06T11:21:54","slug":"aydogan-temel-kimdir","status":"publish","type":"post","link":"https:\/\/bibersa.com\/ar\/%d9%85%d9%82%d8%a7%d9%84%d8%a7%d8%aa\/%d9%85%d9%86-%d9%87%d9%88-%d8%a7%d9%8a%d8%af%d9%88%d8%ba%d8%a7%d9%86-%d8%aa%d9%8a%d9%85%d9%8a%d9%84\/","title":{"rendered":"Seslendirme ve Dublaj Sanat\u00e7\u0131s\u0131 Aydo\u011fan Temel Kimdir?"},"content":{"rendered":"<div class=\"wpb-content-wrapper\"><div class=\"vc_row wpb_row row top-row\"><div class=\"vc_column_container col-md-12\"><div class=\"wpb_wrapper vc_column-inner\">\r\n\t<div class=\"wpb_text_column wpb_content_element wpb_custom_7c91d232724f73626cc933bd95b25ff0\" >\r\n\t\t<div class=\"wpb_wrapper\">\r\n\t\t\t<p><span style=\"font-weight: 400;\">Uzun y\u0131llard\u0131r televizyon ekranlar\u0131nda sesiyle yer alan Aydo\u011fan Temel, bir\u00e7ok program\u0131n d\u0131\u015f sesi olarak biliniyor. Televizyon ekranlar\u0131nda yay\u0131nlanan g\u00fcnl\u00fck programlarda g\u00f6rev alan\u00a0 Temel hi\u00e7bir zaman kamera \u00f6n\u00fcne ge\u00e7miyor. Haliyle Aydo\u011fan Temel kimdir sorusu \u00f6zellikle seslendirme ve dublaj merakl\u0131lar\u0131 taraf\u0131ndan s\u0131k\u00e7a soruluyor.<\/span><\/p>\n<p>Aydo\u011fan Temel d\u0131\u015f ses<span style=\"font-weight: 400;\"> olmas\u0131n\u0131n yan\u0131 s\u0131ra daha pek \u00e7ok yetene\u011fiyle de izleyici kar\u015f\u0131s\u0131na \u00e7\u0131k\u0131yor.<strong> Yemekteyiz ve Temizlik Benim \u0130\u015fim gibi \u00fcnl\u00fc programlara d\u0131\u015f ses olan Aydo\u011fan Temel, ayn\u0131 zamanda bir<\/strong><\/span><strong> tiyatrocu.\u00a0<\/strong><\/p>\n<p><span style=\"font-weight: 400;\">Tiyatrocu Aydo\u011fan Temel\u2019in, Mimar Sinan G\u00fczel Sanatlar \u00dcniversitesi Devlet Konservatuvar\u0131 Tiyatro Ana Sanat Dal\u0131\u2019nda y\u00fcksek lisans yapt\u0131\u011f\u0131 biliniyor. Ayn\u0131 zamanda halk danslar\u0131 e\u011fitmeni olarak g\u00f6rev alan Aydo\u011fan Temel\u2019in dublaj sanat\u00e7\u0131l\u0131\u011f\u0131yla da ilgileniyor. <\/span><b>S\u00f6zlendirmen ( dublaj)<\/b><span style=\"font-weight: 400;\"> olarak izleyici ile bulu\u015fan \u00fcnl\u00fc d\u0131\u015f sesi\u00a0 televizyon projelerinde s\u0131kl\u0131kla g\u00f6rmeniz m\u00fcmk\u00fcn. D\u0131\u015f ses Aydo\u011fan Temel\u00a0 televizyon i\u00e7in film &#8211; yar\u0131\u015fma &#8211; dizi yazarl\u0131\u011f\u0131, tiyatro e\u011fitmenli\u011fi ve seslendirme \u00e7al\u0131\u015fmalar\u0131 y\u00fcr\u00fct\u00fcyor.\u00a0\u00a0<\/span><\/p>\n<figure id=\"attachment_22136\" aria-describedby=\"caption-attachment-22136\" style=\"width: 1024px\" class=\"wp-caption alignnone\"><img loading=\"lazy\" decoding=\"async\" class=\"wp-image-22136 size-large\" src=\"https:\/\/bibersa.s3-accelerate.amazonaws.com\/wp-content\/uploads\/2022\/12\/aydogan-temel-seslendirme-sanatc-1024x576.jpg\" alt=\"Aydo\u011fan Temel kimdir? Aydogan Temel Kimdir?\" width=\"1024\" height=\"576\" title=\"\" srcset=\"https:\/\/bibersa.com\/wp-content\/uploads\/2022\/12\/aydogan-temel-seslendirme-sanatc-1024x576.jpg 1024w, https:\/\/bibersa.com\/wp-content\/uploads\/2022\/12\/aydogan-temel-seslendirme-sanatc-768x432.jpg 768w, https:\/\/bibersa.com\/wp-content\/uploads\/2022\/12\/aydogan-temel-seslendirme-sanatc-640x360.jpg 640w, https:\/\/bibersa.com\/wp-content\/uploads\/2022\/12\/aydogan-temel-seslendirme-sanatc-400x225.jpg 400w\" sizes=\"auto, (max-width: 1024px) 100vw, 1024px\" \/><figcaption id=\"caption-attachment-22136\" class=\"wp-caption-text\">Aydo\u011fan Temel kimdir? Aydogan Temel Kimdir?<\/figcaption><\/figure>\n<h2>Aydo\u011fan Temel Kimdir?<\/h2>\n<p><span style=\"font-weight: 400;\"><strong>Televizyon ekranlar\u0131ndan d\u0131\u015f ses olarak bilinen Aydo\u011fan Temel, 1966 Bal\u0131kesir do\u011fumludur.<\/strong> Tiyatro e\u011fitimi alan ve y\u00fcksek lisans yapan \u00fcnl\u00fc d\u0131\u015f ses, ayn\u0131 zamanda yabanc\u0131 filmlerde dublaj sanat\u00e7\u0131s\u0131 olarak g\u00f6rev alm\u0131\u015ft\u0131r. Ekranlardaki yerini 1983 y\u0131l\u0131nda alan Temel; dizi, \u00e7izgi film, sinema filmi, belgesel ve reklam filmlerinde dublaj yapm\u0131\u015ft\u0131r. Hem <a href=\"https:\/\/bibersa.com\/ar\/\u0645\u0642\u0627\u0644\u0627\u062a\/\u0643\u064a\u0641\u064a\u0629-\u0639\u0645\u0644-\u0627\u0644\u062a\u0639\u0644\u064a\u0642-\u0627\u0644\u0635\u0648\u062a\u064a\/\">seslendirme <\/a>hem de <a href=\"https:\/\/bibersa.com\/ar\/\u0645\u0642\u0627\u0644\u0627\u062a\/\u0643\u064a\u0641-\u064a\u0639\u0645\u0644-\u0641\u064a\u0644\u0645-\u0627\u0644\u062f\u0628\u0644\u062c\u0629\/\">dublaj<\/a> alan\u0131nda ba\u015far\u0131l\u0131 i\u015flere imza atm\u0131\u015ft\u0131r.\u00a0<\/span><\/p>\n<p><span style=\"font-weight: 400;\">Aydo\u011fan Temel, Show TV&#8217;de bir d\u00f6nem yay\u0131nlanan Pazar Keyfi magazin program\u0131nda d\u0131\u015f ses olarak g\u00f6rev alan ki\u015fidir. Klasik seslendirmelerin d\u0131\u015f\u0131na \u00e7\u0131karak fark yaratan Aydo\u011fan Temel izleyicinin be\u011fenisini kazanmay\u0131 ba\u015farm\u0131\u015ft\u0131r.<\/span><\/p>\n<p><iframe loading=\"lazy\" title=\"AYDO\u011eAN TEMEL | SESLEND\u0130RME SANAT\u00c7ISI | TANITIM DEMO\" width=\"1140\" height=\"641\" src=\"https:\/\/www.youtube.com\/embed\/NmhJR_MwmxA?feature=oembed\" frameborder=\"0\" allow=\"accelerometer; autoplay; clipboard-write; encrypted-media; gyroscope; picture-in-picture; web-share\" allowfullscreen><\/iframe><\/p>\n<h3>Aydo\u011fan Temel&#8217;in Kendi Yazd\u0131\u011f\u0131 ve Ba\u015frol\u00fcn\u00fc Oynad\u0131\u011f\u0131 Filmi: Komik Bir A\u015fk Hikayesi<\/h3>\n<p><span style=\"font-weight: 400;\">Ekran\u0131n d\u0131\u015f\u0131nda kalan Temel, 2010 y\u0131l\u0131 itibariyle sahnenin \u00f6n\u00fcnde de yer almaya ba\u015flad\u0131. ATV ekranlar\u0131nda yay\u0131nlanan <a href=\"https:\/\/www.youtube.com\/watch?v=AzCJR4U9wF8\" rel=\"nofollow noopener\" target=\"_blank\">Yalanc\u0131s\u0131n Sen<\/a> dizisinde Ferdi karakterine hayat verdi. 2011 y\u0131l\u0131nda vizyona giren <strong>Komik Bir A\u015fk Hikayesi<\/strong> adl\u0131 sinema filminin senaryosunu yazan Aydo\u011fan Temel ayn\u0131 zamanda ba\u015f rol\u00fcnde oynad\u0131. Fragman\u0131 da olduk\u00e7a ses getiren filmin y\u00f6netmenli\u011fini C\u00fcneyt Yosul\u00e7ay \u00fcstlenmi\u015fti. Aydo\u011fan Temel&#8217;in senaristli\u011fini \u00fcstlendi\u011fi ve ayn\u0131 zamanda ba\u015frol\u00fcnde oynad\u0131\u011f\u0131 filmin oyuncu kadrosunda Arzu Yanarda\u011f (Leyla rol\u00fc ile), Zeynep G\u00fclmez (\u0130lkay rol\u00fc ile) ve \u00fcnl\u00fc tiyatrocu ve sinemac\u0131 Erc\u00fcment Balak bulunuyordu.<\/span><\/p>\n<p><iframe loading=\"lazy\" title=\"Komik Bir A\u015fk Hikayesi - Fragman\" width=\"1140\" height=\"855\" src=\"https:\/\/www.youtube.com\/embed\/RatrfQj0HOE?feature=oembed\" frameborder=\"0\" allow=\"accelerometer; autoplay; clipboard-write; encrypted-media; gyroscope; picture-in-picture; web-share\" allowfullscreen><\/iframe><\/p>\n<p><span style=\"font-weight: 400;\">Aydo\u011fan Temel, \u015fimdilerde <strong>Temizlik Benim \u0130\u015fim<\/strong> program\u0131nda d\u0131\u015f ses olarak g\u00f6rev al\u0131yor. Ayn\u0131 zamanda Aydo\u011fan Temel, <strong>Zuhal Topal ile Sofra\u2019da<\/strong> program\u0131nda sunucu olarak izleyici ile bulu\u015fuyor.\u00a0<\/span><\/p>\n<h2><span style=\"font-weight: 400;\">Aydo\u011fan Temel Seslendirdi\u011fi Karakterler Nelerdir?<\/span><\/h2>\n<p><span style=\"font-weight: 400;\">Aydo\u011fan Temel 1983 y\u0131l\u0131ndan beri oyuncu, seslendirme sanat\u00e7\u0131s\u0131 ve senarist kimli\u011fi ile ekranlardaki yerini koruyor. Televizyon ekranlar\u0131n\u0131n arkas\u0131ndaki ses olarak g\u00f6revini s\u00fcrd\u00fcren Temel, pek \u00e7ok filmin dublaj\u0131nda da kar\u015f\u0131n\u0131za \u00e7\u0131k\u0131yor. \u015eimdilerde ise g\u00fcnd\u00fcz ku\u015fa\u011f\u0131nda yay\u0131nlanan yar\u0131\u015fmalarda Aydo\u011fan Temel\u2019i d\u0131\u015f ses olarak bizlere sesleniyor<\/span><\/p>\n<p><span style=\"font-weight: 400;\"> Fox ekranlar\u0131nda Kadir Ezildi\u2019nin sunuculu\u011funu \u00fcstlendi\u011fi Temizlik Benim \u0130\u015fim program\u0131nda merak etti\u011finiz o sesin sahibi Aydo\u011fan Temel. Ayn\u0131 zamanda <\/span><b>Aydo\u011fan Temel Zuhal Topal<\/b><span style=\"font-weight: 400;\"> ile birlikte yer ald\u0131\u011f\u0131 yemek program\u0131nda da d\u0131\u015f ses olmaya devam ediyor.\u00a0<\/span><\/p>\n<p><span style=\"font-weight: 400;\">Aydo\u011fan Temel sinema sekt\u00f6r\u00fcnde ekran\u0131n arka plan\u0131nda kalan g\u00fc\u00e7l\u00fc seslerden biri.\u00a0 Genelde d\u0131\u015f ses olarak tan\u0131nan Temel, asl\u0131nda pek \u00e7ok filmin dublaj\u0131nda g\u00f6rev ald\u0131. <strong>Aydo\u011fan Temel&#8217;in\u00a0 seslendirdi\u011fi yabanc\u0131 oyunc\u0131lar aras\u0131nda ise; William Macy, John Malkovich, Gary Oldman, Kevin Spacey, Tcheky Karyo, Gerard Depardeiu yer al\u0131yor.<\/strong> <\/span><\/p>\n<p>Sesine herkesin a\u015fina oldu\u011fu Aydo\u011fan Temel seslendirmeleri ile izleyicinin dikkatini \u00e7ekmeyi ba\u015far\u0131yor. \u0130\u015fte Aydo\u011fan Temel\u2019in seslendirdi\u011fi dizi, film ve karakterler;<\/p>\n<ul>\n<li style=\"font-weight: 400;\" aria-level=\"1\"><span style=\"font-weight: 400;\">Plastip \u015eov ( 16 karakterin seslendirmesi)\u00a0<\/span><\/li>\n<li style=\"font-weight: 400;\" aria-level=\"1\"><span style=\"font-weight: 400;\">Maske- Reg<\/span><\/li>\n<li style=\"font-weight: 400;\" aria-level=\"1\"><span style=\"font-weight: 400;\">Ay\u0131 Teddy 2 &#8211; M\u00fc\u015fteri<\/span><\/li>\n<li style=\"font-weight: 400;\" aria-level=\"1\"><span style=\"font-weight: 400;\">Ayr\u0131lan Kalpler- Diego\u00a0<\/span><\/li>\n<li style=\"font-weight: 400;\" aria-level=\"1\"><span style=\"font-weight: 400;\">23 Numara- Jim Carrey<\/span><\/li>\n<li style=\"font-weight: 400;\" aria-level=\"1\"><span style=\"font-weight: 400;\">Cennet Gibi &#8211; Jack\u00a0<\/span><\/li>\n<li style=\"font-weight: 400;\" aria-level=\"1\"><span style=\"font-weight: 400;\">Cheaper By The Dozen- Steve Martin\u00a0<\/span><\/li>\n<li style=\"font-weight: 400;\" aria-level=\"1\"><span style=\"font-weight: 400;\">Kung Fu Yoga- Jackie Chan\u00a0<\/span><\/li>\n<li style=\"font-weight: 400;\" aria-level=\"1\"><span style=\"font-weight: 400;\">Leon- Gary Oldman\u00a0<\/span><\/li>\n<li style=\"font-weight: 400;\" aria-level=\"1\"><span style=\"font-weight: 400;\">Lost- Andrew Divoff\u00a0<\/span><\/li>\n<li style=\"font-weight: 400;\" aria-level=\"1\"><span style=\"font-weight: 400;\">Mad Max- Hugh Keays\u00a0<\/span><\/li>\n<li style=\"font-weight: 400;\" aria-level=\"1\"><span style=\"font-weight: 400;\">\u0130htiyar Delikanl\u0131 &#8211; Dae- han ji\u00a0<\/span><\/li>\n<li style=\"font-weight: 400;\" aria-level=\"1\"><span style=\"font-weight: 400;\">Ocean\u2019s 3- Al Pacino\u00a0<\/span><\/li>\n<li style=\"font-weight: 400;\" aria-level=\"1\"><span style=\"font-weight: 400;\">\u00d6l\u00fc Adam- Gabriela Byrne\u00a0<\/span><\/li>\n<li style=\"font-weight: 400;\" aria-level=\"1\"><span style=\"font-weight: 400;\">Walter\u2019in Fantastik D\u00fcnyas\u0131-\u00a0 William Macy<\/span><\/li>\n<li style=\"font-weight: 400;\" aria-level=\"1\"><span style=\"font-weight: 400;\">Testere- Jig Saw\u00a0<\/span><\/li>\n<li style=\"font-weight: 400;\" aria-level=\"1\"><span style=\"font-weight: 400;\">Yedi- Kevin Spacey\u00a0<\/span><\/li>\n<li style=\"font-weight: 400;\" aria-level=\"1\"><span style=\"font-weight: 400;\">Sherlock Holmes &#8211; Robert Downey\u00a0<\/span><\/li>\n<li style=\"font-weight: 400;\" aria-level=\"1\"><span style=\"font-weight: 400;\">Sherlock Holmes G\u00f6lge Oyunlar\u0131 &#8211; Robert Downey\u00a0<\/span><\/li>\n<\/ul>\n<p><span style=\"font-weight: 400;\">\u00dcnl\u00fc seslendirme sanat\u00e7\u0131s\u0131 BiberSA i\u00e7in farkl\u0131 seslendirme ve dublaj projelerinde g\u00f6rev ald\u0131. Halihaz\u0131rda <a href=\"https:\/\/sesbankasi.com\/\" rel=\"sponsored noopener\" target=\"_blank\">Bibersa Ses Bankas\u0131nda<\/a> ses demosu bulunan sanat\u00e7\u0131, seslendirme ve dublaj alan\u0131ndaki ba\u015far\u0131l\u0131 performanslar\u0131na Bibersa&#8217;n\u0131n tecr\u00fcbesi ve alt yap\u0131s\u0131n\u0131n da katk\u0131s\u0131 ile devam ediyor. Reklam ve tan\u0131t\u0131m seslendirme alan\u0131nda Bibersa ile yollar\u0131 kesi\u015fen Aydo\u011fan Temel, bir\u00e7ok markan\u0131n sesi olarak zihnimizin bir k\u00f6\u015fesinde kalmaya devam ediyor.<\/span><\/p>\n<p><iframe loading=\"lazy\" title=\"AYDO\u011eAN TEMEL | SESLEND\u0130RME SANAT\u00c7ISI | REKLAM DEMO\" width=\"1140\" height=\"641\" src=\"https:\/\/www.youtube.com\/embed\/HmdIVizWuzc?feature=oembed\" frameborder=\"0\" allow=\"accelerometer; autoplay; clipboard-write; encrypted-media; gyroscope; picture-in-picture; web-share\" allowfullscreen><\/iframe><\/p>\n<p>&nbsp;<\/p>\n<h2><span style=\"font-weight: 400;\">Aydo\u011fan Temel \u0130leti\u015fim\u00a0<\/span><\/h2>\n<p><span style=\"font-weight: 400;\">Dublaj sanat\u00e7\u0131s\u0131 Aydo\u011fan Temel, meslek hayat\u0131na ba\u015flad\u0131\u011f\u0131 g\u00fcnden bu yana pek \u00e7ok \u00fcnl\u00fc ismin sesi olmu\u015ftur. \u00d6zellikle Kevin Spacey konu\u015fmalar\u0131 ile haf\u0131zalardaki yerini alan Aydo\u011fan Temel, bir\u00e7ok yabanc\u0131 film diziye ses vermi\u015ftir. Son d\u00f6nemlerde Temel, film ve dizi dublajlar\u0131n\u0131n yan\u0131 s\u0131ra televizyon ekranlar\u0131nda da yer almaya ba\u015flam\u0131\u015ft\u0131r.Yemekteyiz d\u0131\u015f sesi olarak bilinen Aydo\u011fan Temel ekran\u0131n arkas\u0131nda konumlanan ve programa renk katan \u00f6nemli bir karakter.\u00a0<\/span><\/p>\n<p><span style=\"font-weight: 400;\">\u00dcnl\u00fc seslendirme sanat\u00e7\u0131s\u0131 Temel, dizi ve film projelerinin yan\u0131 s\u0131ra reklam \u00e7al\u0131\u015fmalar\u0131yla da kariyerini \u015fekillendirmeye devam ediyor. Dublaj sanat\u0131n\u0131 icra eden ender yeti\u015fkin seslerden biri olan Aydo\u011fan Temel, ayn\u0131 zamanda BiberSA Prod\u00fcksiyon i\u00e7in mikrofon ba\u015f\u0131na ge\u00e7iyor. \u00d6nde gelen markalar i\u00e7in projelere sesiyle e\u015flik eden Aydo\u011fan Temel\u2019in BiberSA b\u00fcnyesinde pek \u00e7ok seslendirme \u00e7al\u0131\u015fmas\u0131 bulunuyor.<\/span><\/p>\n<p><b>\u00a0Aydo\u011fan Temel ileti\u015fim <\/b><span style=\"font-weight: 400;\">kurmak ve seslendirme \u00e7al\u0131\u015fmalar\u0131na ula\u015fmak i\u00e7in <\/span><strong><a href=\"https:\/\/bibersa.com\/ar\/\">BiberSA Prod\u00fcksiyon web sitemizi<\/a><\/strong><span style=\"font-weight: 400;\"> veya<\/span><strong><a href=\"https:\/\/www.youtube.com\/@bibersa\" target=\"_blank\" rel=\"noopener\"> BiberSA Youtube<\/a><\/strong><span style=\"font-weight: 400;\"> kanal\u0131n\u0131 ziyaret edebilirsiniz.<\/span><\/p>\n\r\n\t\t<\/div>\r\n\t<\/div>\r\n<\/div><\/div><\/div><div class=\"vc_row wpb_row row top-row vc_custom_1668025623464\"><div class=\"vc_column_container col-md-12\"><div class=\"wpb_wrapper vc_column-inner\"><div class=\"vc_btn3-container vc_btn3-center vc_custom_1673004048611 vc_do_btn\" >\r\n\t<a class=\"vc_btn3 vc_btn3-shape-round vc_btn3-block wpb_custom_6687b26f39488ddbb85ddb3c1ce8e111 vc_btn3-icon-left btn btn-borders btn-xl btn-success\" href=\"https:\/\/bibersa.com\/ar\/\u0627\u062a\u0635\u0627\u0644\/\" title=\"\u0130leti\u015fim\"><i class=\"vc_btn3-icon vc-material vc-material-phone_in_talk\"><\/i> B\u0130Z\u0130MLE \u0130LET\u0130\u015e\u0130ME GE\u00c7\u0130N<\/a>\t<\/div>\r\n<\/div><\/div><\/div>\n<\/div>","protected":false},"excerpt":{"rendered":"Uzun y\u0131llard\u0131r televizyon ekranlar\u0131nda sesiyle yer alan Aydo\u011fan Temel, bir\u00e7ok program\u0131n d\u0131\u015f sesi olarak biliniyor. Televizyon ekranlar\u0131nda yay\u0131nlanan g\u00fcnl\u00fck programlarda g\u00f6rev alan\u00a0 Temel hi\u00e7bir zaman kamera \u00f6n\u00fcne ge\u00e7miyor. Haliyle Aydo\u011fan Temel kimdir sorusu \u00f6zellikle seslendirme ve dublaj merakl\u0131lar\u0131 taraf\u0131ndan s\u0131k\u00e7a soruluyor. Aydo\u011fan Temel d\u0131\u015f ses olmas\u0131n\u0131n yan\u0131 s\u0131ra daha pek \u00e7ok yetene\u011fiyle de izleyici kar\u015f\u0131s\u0131na [...]","protected":false},"author":23,"featured_media":22143,"comment_status":"closed","ping_status":"closed","sticky":false,"template":"","format":"standard","meta":{"footnotes":""},"categories":[1],"tags":[],"class_list":["post-22127","post","type-post","status-publish","format-standard","has-post-thumbnail","hentry","category-blog"],"featured_image_src":{"landsacpe":["https:\/\/bibersa.com\/wp-content\/uploads\/2022\/12\/aydogan-temel-kimdir-1140x445.jpg",1140,445,true],"list":["https:\/\/bibersa.com\/wp-content\/uploads\/2022\/12\/aydogan-temel-kimdir-463x348.jpg",463,348,true],"medium":["https:\/\/bibersa.com\/wp-content\/uploads\/2022\/12\/aydogan-temel-kimdir-300x169.jpg",300,169,true],"full":["https:\/\/bibersa.com\/wp-content\/uploads\/2022\/12\/aydogan-temel-kimdir.jpg",1280,720,false]},"_links":{"self":[{"href":"https:\/\/bibersa.com\/ar\/wp-json\/wp\/v2\/posts\/22127","targetHints":{"allow":["GET"]}}],"collection":[{"href":"https:\/\/bibersa.com\/ar\/wp-json\/wp\/v2\/posts"}],"about":[{"href":"https:\/\/bibersa.com\/ar\/wp-json\/wp\/v2\/types\/post"}],"author":[{"embeddable":true,"href":"https:\/\/bibersa.com\/ar\/wp-json\/wp\/v2\/users\/23"}],"replies":[{"embeddable":true,"href":"https:\/\/bibersa.com\/ar\/wp-json\/wp\/v2\/comments?post=22127"}],"version-history":[{"count":0,"href":"https:\/\/bibersa.com\/ar\/wp-json\/wp\/v2\/posts\/22127\/revisions"}],"wp:featuredmedia":[{"embeddable":true,"href":"https:\/\/bibersa.com\/ar\/wp-json\/wp\/v2\/media\/22143"}],"wp:attachment":[{"href":"https:\/\/bibersa.com\/ar\/wp-json\/wp\/v2\/media?parent=22127"}],"wp:term":[{"taxonomy":"category","embeddable":true,"href":"https:\/\/bibersa.com\/ar\/wp-json\/wp\/v2\/categories?post=22127"},{"taxonomy":"post_tag","embeddable":true,"href":"https:\/\/bibersa.com\/ar\/wp-json\/wp\/v2\/tags?post=22127"}],"curies":[{"name":"wp","href":"https:\/\/api.w.org\/{rel}","templated":true}]}}