{"id":22341,"date":"2022-12-30T00:56:11","date_gmt":"2022-12-29T21:56:11","guid":{"rendered":"https:\/\/bibersa.com\/?p=22341"},"modified":"2023-04-05T12:13:36","modified_gmt":"2023-04-05T09:13:36","slug":"en-iyi-belgesel-seslendirme-sanatcilari","status":"publish","type":"post","link":"https:\/\/bibersa.com\/ar\/%d9%85%d9%82%d8%a7%d9%84%d8%a7%d8%aa\/%d8%a3%d9%81%d8%b6%d9%84-%d8%a7%d9%84%d9%85%d9%85%d8%ab%d9%84%d9%8a%d9%86-%d8%a7%d9%84%d8%b5%d9%88%d8%aa-%d8%a7%d9%84%d9%88%d8%ab%d8%a7%d8%a6%d9%82%d9%8a\/","title":{"rendered":"En \u0130yi Belgesel Seslendirme Sanat\u00e7\u0131lar\u0131: 11 T\u00fcrk Belgesel Seslendirme Sanat\u00e7\u0131s\u0131"},"content":{"rendered":"<div class=\"wpb-content-wrapper\"><div class=\"vc_row wpb_row row top-row\"><div class=\"vc_column_container col-md-12\"><div class=\"wpb_wrapper vc_column-inner\">\r\n\t<div class=\"wpb_text_column wpb_content_element wpb_custom_7c91d232724f73626cc933bd95b25ff0\" >\r\n\t\t<div class=\"wpb_wrapper\">\r\n\t\t\t<p><span style=\"font-weight: 400;\">\u00dclkemizde sahnenin arkas\u0131nda kalan en iyi belgesel seslendirme sanat\u00e7\u0131lar\u0131 kimler? Bu yaz\u0131m\u0131zda T\u00fcrkiye\u2019nin en iyi belgesel seslendirme sanat\u00e7\u0131lar\u0131na yer verece\u011fiz. \u0130\u00e7inde eksi\u011fimiz var fazlam\u0131z yok&#8230; 11 belgesel seslendirme sanat\u00e7\u0131m\u0131z\u0131 size tan\u0131tmak istiyoruz ancak belgesel seslendirme sanat\u00e7\u0131lar\u0131 konusunda son yaz\u0131m\u0131z\u0131n bu olmayaca\u011f\u0131n\u0131 da bildirmek isteriz. Sizlere tan\u0131tmak isteyece\u011fimiz Mazlum Kiper gibi ba\u015fat belgesel seslendirme sanat\u00e7\u0131lar\u0131m\u0131z i\u00e7in ayr\u0131 bir ba\u015fl\u0131k a\u00e7aca\u011f\u0131z!<\/span><\/p>\n<p>Dizi ve film sekt\u00f6r\u00fcn\u00fcn geli\u015fmesi ile birlikte vizyona giren yap\u0131m say\u0131s\u0131 s\u00fcrekli olarak art\u0131yor. <strong>Seslendirme alan\u0131nda ya\u015fanan yo\u011funluk b<a href=\"https:\/\/bibersa.com\/ar\/\u0648\u062b\u0627\u0626\u0642\u064a-\u0635\u0648\u062a\u064a\/\">elgesel seslendirme<\/a><\/strong><span style=\"font-weight: 400;\"><strong> sanat\u00e7\u0131lar\u0131na duyulan ihtiyac\u0131 daha da art\u0131r\u0131yor<\/strong>. \u0130yi bir belgesel i\u00e7in en \u00f6nemli par\u00e7a olan<\/span> belgesel seslendirme sanat\u00e7\u0131lar\u0131 seslendirdi\u011fi hikayeye farkl\u0131 bir boyut kazand\u0131r\u0131yor. As\u0131l amac\u0131 sahnedeki duyguyu hissettirmek olan seslendirme sanat\u00e7\u0131lar\u0131, etkileyici bir ses kadar yapt\u0131\u011f\u0131 vurguyla da izleyiciye dokunmay\u0131 ba\u015far\u0131yor.<\/p>\n<p><span style=\"font-weight: 400;\">Seslendirme yap\u0131lan belgesel t\u00fcr\u00fcne g\u00f6re seslendirme sanat\u00e7\u0131lar\u0131 yeni bir role b\u00fcr\u00fcn\u00fcyor. Daha sakin ilerleyen belgesel seslendirmelerinde ise belgesel seslendirme sanat\u00e7\u0131s\u0131na \u00e7ok daha \u00f6nemli roller d\u00fc\u015f\u00fcyor. <\/span><strong>Do\u011fa belgeseli seslendirme<\/strong><span style=\"font-weight: 400;\"><strong> projelerinde sanat\u00e7\u0131n\u0131n sesinin m\u00fczik ve efektlerin \u00f6n\u00fcne ge\u00e7mesi b\u00fcy\u00fck \u00f6nem ta\u015f\u0131yor. Do\u011fal seslerin \u00f6n plana \u00e7\u0131kt\u0131\u011f\u0131, do\u011fa belgeseli seslendirmelerinde sanat\u00e7\u0131n\u0131n ustal\u0131\u011f\u0131 ortaya \u00e7\u0131kan yap\u0131t\u0131n kalitesinde olduk\u00e7a etkili.<\/strong> <strong>B\u00f6yle bir <\/strong><\/span><strong>belgesel seslendirme kadrosu ile kadronun tecr\u00fcbesi birle\u015fti\u011finde; ak\u0131c\u0131, bilgilendirici ve inand\u0131r\u0131c\u0131 bir sesin videoya e\u015flik etti\u011fini g\u00f6rebilirsiniz.\u00a0<\/strong><\/p>\n<figure id=\"attachment_22391\" aria-describedby=\"caption-attachment-22391\" style=\"width: 1024px\" class=\"wp-caption alignnone\"><img loading=\"lazy\" decoding=\"async\" class=\"wp-image-22391 size-large\" src=\"https:\/\/bibersa.com\/wp-content\/uploads\/2022\/12\/synthesizer-closeup-recording-studio-equipment-2021-09-03-18-54-17-utc-1024x470.jpg\" alt=\"en iyi belgesel seslendirme sanat\u00e7\u0131lar\u0131\" width=\"1024\" height=\"470\" title=\"\" srcset=\"https:\/\/bibersa.com\/wp-content\/uploads\/2022\/12\/synthesizer-closeup-recording-studio-equipment-2021-09-03-18-54-17-utc-1024x470.jpg 1024w, https:\/\/bibersa.com\/wp-content\/uploads\/2022\/12\/synthesizer-closeup-recording-studio-equipment-2021-09-03-18-54-17-utc-768x353.jpg 768w, https:\/\/bibersa.com\/wp-content\/uploads\/2022\/12\/synthesizer-closeup-recording-studio-equipment-2021-09-03-18-54-17-utc-640x294.jpg 640w, https:\/\/bibersa.com\/wp-content\/uploads\/2022\/12\/synthesizer-closeup-recording-studio-equipment-2021-09-03-18-54-17-utc-400x184.jpg 400w\" sizes=\"auto, (max-width: 1024px) 100vw, 1024px\" \/><figcaption id=\"caption-attachment-22391\" class=\"wp-caption-text\">en iyi belgesel seslendirme sanat\u00e7\u0131lar\u0131<\/figcaption><\/figure>\n<h2><span style=\"font-weight: 400;\">TRT Belgesel Seslendirme Sanat\u00e7\u0131lar\u0131<\/span><\/h2>\n<p><span style=\"font-weight: 400;\">Belgesel format\u0131ndaki programlar\u0131n yay\u0131nland\u0131\u011f\u0131 TRT belgesel kanal\u0131, alt\u0131 farkl\u0131 dilde yay\u0131n yaparak izleyiciyi yerli ve yabanc\u0131 yap\u0131mlarla bulu\u015fturuyor. Pek \u00e7ok konunun i\u015flendi\u011fi belgesel se\u00e7eneklerini bir arada sunan <strong>TRT <\/strong><\/span><strong>belgesel seslendirme sanat\u00e7\u0131lar\u0131 <\/strong><span style=\"font-weight: 400;\"><strong>ile farkl\u0131 dillere dokunmay\u0131 ba\u015far\u0131yor. Peki, TRT\u2019de bir\u00e7ok belgesele sesiyle hayat veren \u00fcnl\u00fc seslendirme sanat\u00e7\u0131lar\u0131 kimler?<\/strong> \u0130\u015fte TRT belgeselin \u00f6ne \u00e7\u0131kan seslendirme sanat\u00e7\u0131lar\u0131;<\/span><\/p>\n<ul>\n<li style=\"font-weight: 400;\" aria-level=\"1\"><span style=\"font-weight: 400;\">Sacit Onan\u00a0<\/span><\/li>\n<li style=\"font-weight: 400;\" aria-level=\"1\"><span style=\"font-weight: 400;\">Sungun Babacan\u00a0<\/span><\/li>\n<li style=\"font-weight: 400;\" aria-level=\"1\"><span style=\"font-weight: 400;\">Nur Suba\u015f\u0131\u00a0<\/span><\/li>\n<li style=\"font-weight: 400;\" aria-level=\"1\"><span style=\"font-weight: 400;\">Alev Sezer<\/span><\/li>\n<li style=\"font-weight: 400;\" aria-level=\"1\"><span style=\"font-weight: 400;\">Bar\u0131\u015f \u00d6zgen\u00e7\u00a0<\/span><\/li>\n<li style=\"font-weight: 400;\" aria-level=\"1\"><span style=\"font-weight: 400;\">G\u00fclen Karaman<\/span><\/li>\n<li style=\"font-weight: 400;\" aria-level=\"1\"><span style=\"font-weight: 400;\">N\u00fcvit Candaner<\/span><\/li>\n<li style=\"font-weight: 400;\" aria-level=\"1\"><span style=\"font-weight: 400;\">M\u00fccap Ofluo\u011flu\u00a0<\/span><\/li>\n<\/ul>\n<h2><span style=\"font-weight: 400;\">Nat Geo Wild Belgesel Seslendiren Kim?\u00a0<\/span><\/h2>\n<p><span style=\"font-weight: 400;\">Dizi ve film oyunculu\u011fu ile \u00f6ne \u00e7\u0131kan Mazlum Kiper, belgesel seslendirmelerinde ad\u0131n\u0131 s\u0131k\u00e7a duydu\u011funuz isimlerden biri. Net Geo Wild belgesel seslendiren belgesel seslendirme sanat\u00e7\u0131m\u0131z da Mazlum Kiper!<\/span><\/p>\n<p><b>Mazlum Kiper seslendirdi\u011fi belgeseller<\/b><span style=\"font-weight: 400;\"> ve \u00fcst\u00fcn oyunculuk yetene\u011fi ile Y<strong>\u00fcz\u00fcklerin Efendisi, Karayip Korsanlar\u0131 ve Harry Potter gibi uzun soluklu serilerde kendine yer buluyor.<\/strong> Tok sesiyle \u00f6ne \u00e7\u0131kan\u00a0 <\/span><b>Mazlum Kiper TRT belgesel seslendirmeleri <\/b><span style=\"font-weight: 400;\">ile tan\u0131nsa da bir\u00e7ok filme sesini vermi\u015f seslendirme sanat\u00e7\u0131lar\u0131 aras\u0131nda yer al\u0131yor. TRT\u2019de belgesel seslendirmesi ger\u00e7ekle\u015ftiren <strong>Mazlum Kiper \u201cKusursuz Denge\u201d adl\u0131 belgesele hayat veren ki\u015finin ta kendisi.\u00a0<\/strong><\/span><\/p>\n<figure id=\"attachment_22410\" aria-describedby=\"caption-attachment-22410\" style=\"width: 1024px\" class=\"wp-caption alignnone\"><img loading=\"lazy\" decoding=\"async\" class=\"wp-image-22410 size-large\" src=\"https:\/\/bibersa.com\/wp-content\/uploads\/2022\/12\/IMG_1024-1024x572.jpg\" alt=\"en iyi belgesel seslendirme sanat\u00e7\u0131s\u0131 mazlum kiper\" width=\"1024\" height=\"572\" title=\"\" srcset=\"https:\/\/bibersa.com\/wp-content\/uploads\/2022\/12\/IMG_1024-1024x572.jpg 1024w, https:\/\/bibersa.com\/wp-content\/uploads\/2022\/12\/IMG_1024-768x429.jpg 768w, https:\/\/bibersa.com\/wp-content\/uploads\/2022\/12\/IMG_1024-640x358.jpg 640w, https:\/\/bibersa.com\/wp-content\/uploads\/2022\/12\/IMG_1024-400x224.jpg 400w\" sizes=\"auto, (max-width: 1024px) 100vw, 1024px\" \/><figcaption id=\"caption-attachment-22410\" class=\"wp-caption-text\">En \u0130yi Belgesel Seslendirme Sanat\u00e7\u0131s\u0131 Mazlum Kiper<\/figcaption><\/figure>\n<p><span style=\"font-weight: 400;\">Tiyatro, sinema, dizi ve dublaj sanat\u00e7\u0131s\u0131 olan Mazlum Kiper<\/span><b> Nat Geo Wild<\/b><span style=\"font-weight: 400;\"> belgesel tan\u0131t\u0131m\u0131nda sizi kar\u015f\u0131layan o me\u015fhur sesin sahibi. Do\u011fal ya\u015fam ve \u00e7evre konulu belgeseller sunan Nat Geo Wild\u2019in seslendirmesini \u00fcstlenen Mazlum Kiper sesiyle, izleyicinin dikkatini \u00e7ekmeyi ba\u015far\u0131yor. <\/span><b>M<\/b><strong>azlum Kiper TRT belgesel<\/strong><span style=\"font-weight: 400;\"><strong> ve Nat Geo Wild ba\u015fta olmak \u00fczere pek \u00e7ok belgesele hayat veren \u00fcnl\u00fc seslendirme sanat\u00e7\u0131lar\u0131ndan biri.<\/strong> Y\u0131llar\u0131n tecr\u00fcbesini e\u011fitimi ile birle\u015ftiren <\/span>Mazlum Kiper seslendirmeleri <span style=\"font-weight: 400;\">ve oyunculu\u011fu sayesinde izleyicinin kusursuz bir Nat Geo Wild belgeseli izlemesini sa\u011fl\u0131yor.\u00a0<\/span><\/p>\n<p>Mazlum Kiper hakk\u0131nda daha fazla bilgi i\u00e7in <a href=\"https:\/\/bibersa.com\/ar\/\u0645\u0642\u0627\u0644\u0627\u062a\/\u0645\u0646-\u0647\u0648-\u0645\u0638\u0644\u0648\u0645-\u0643\u064a\u0628\u0631\u061f\/\">Mazlum Kiper Kimdir<\/a> adl\u0131 i\u00e7eri\u011fimize g\u00f6z atabilirsiniz.<\/p>\n<h2><span style=\"font-weight: 400;\">En \u0130yi 11 T\u00fcrk Belgesel Seslendirme Sanat\u00e7\u0131lar\u0131<\/span><\/h2>\n<p><span style=\"font-weight: 400;\">Belgesel seslendirme alan\u0131nda \u00f6nemli bir yere sahip olan \u00fclkemiz, yerli ve yabanc\u0131 pek \u00e7ok yap\u0131mda T\u00fcrk seslendirme sanat\u00e7\u0131lar\u0131 ile \u00f6ne \u00e7\u0131k\u0131yor. \u0130\u015fte en iyi 11 T\u00fcrk seslendirme sanat\u00e7\u0131s\u0131;\u00a0<\/span><\/p>\n<h2><b>Sesi ile G\u00f6n\u00fcllere Taht Kuran: Tuncel Kurtiz\u00a0<\/b><\/h2>\n<p><span style=\"font-weight: 400;\"><img loading=\"lazy\" decoding=\"async\" class=\"alignnone wp-image-22394 size-full\" src=\"https:\/\/bibersa.com\/wp-content\/uploads\/2022\/12\/en-iyi-belgesel-seslendirme-sanatcilari-tuncel-kurtiz.jpg\" alt=\"en iyi belgesel seslendirme sanat\u00e7\u0131lar\u0131 tuncel kurtiz\" width=\"1024\" height=\"576\" title=\"\" srcset=\"https:\/\/bibersa.com\/wp-content\/uploads\/2022\/12\/en-iyi-belgesel-seslendirme-sanatcilari-tuncel-kurtiz.jpg 1024w, https:\/\/bibersa.com\/wp-content\/uploads\/2022\/12\/en-iyi-belgesel-seslendirme-sanatcilari-tuncel-kurtiz-768x432.jpg 768w, https:\/\/bibersa.com\/wp-content\/uploads\/2022\/12\/en-iyi-belgesel-seslendirme-sanatcilari-tuncel-kurtiz-640x360.jpg 640w, https:\/\/bibersa.com\/wp-content\/uploads\/2022\/12\/en-iyi-belgesel-seslendirme-sanatcilari-tuncel-kurtiz-400x225.jpg 400w\" sizes=\"auto, (max-width: 1024px) 100vw, 1024px\" \/><\/span><\/p>\n<p><span style=\"font-weight: 400;\">T\u00fcrk sinema ve tiyatro oyuncusu olan Tuncel Kurtiz, sesi ile izleyiciyi ekrana kilitlemeyi ba\u015faran isimlerden biri. Oyunculu\u011funun yan\u0131 s\u0131ra sesiyle de fark yaratan \u00fcnl\u00fc isim, belgesel seslendirmelerinde aranan ki\u015filerin ba\u015f\u0131nda yer al\u0131yor. <\/span><b>Tuncel Kurtiz <\/b><span style=\"font-weight: 400;\">seslendirdi\u011fi belgesellerle ve Ezel dizisindeki Ramiz karakteri ile bilinirli\u011fini art\u0131rm\u0131\u015ft\u0131. Do\u011fa belgeseli seslendirmelerinde kar\u015f\u0131n\u0131za \u00e7\u0131kan usta oyuncunun seslendirdi\u011fi belgeselleri \u015f\u00f6yle s\u0131ralayabiliriz;\u00a0<\/span><\/p>\n<ul>\n<li style=\"font-weight: 400;\" aria-level=\"1\"><span style=\"font-weight: 400;\">Human Planet- Do\u011fa belgeseli\u00a0<\/span><\/li>\n<li style=\"font-weight: 400;\" aria-level=\"1\"><span style=\"font-weight: 400;\">Hayat: Derinlerdeki Ya\u015fam- Do\u011fa belgeseli<\/span><\/li>\n<li style=\"font-weight: 400;\" aria-level=\"1\"><span style=\"font-weight: 400;\">Hayat: Bitkiler- Do\u011fa belgeseli\u00a0<\/span><\/li>\n<li style=\"font-weight: 400;\" aria-level=\"1\"><span style=\"font-weight: 400;\">Kutup Dairesi: Derin Dondurucuda Ya\u015fam\u00a0<\/span><\/li>\n<li style=\"font-weight: 400;\" aria-level=\"1\"><span style=\"font-weight: 400;\">Life- Do\u011fa belgeseli\u00a0<\/span><\/li>\n<\/ul>\n<h2><b>\u0130nsano\u011flu Belgeseli ile Unutulmazlar Aras\u0131na Giren Belgesel Seslendirme Sanat\u00e7\u0131s\u0131 Mesud Uz<\/b><\/h2>\n<p>&nbsp;<\/p>\n<p><iframe loading=\"lazy\" title=\"MESUD UZ | SESLEND\u0130RME SANAT\u00c7ISI  | BELGESEL DEMO\" width=\"1140\" height=\"641\" src=\"https:\/\/www.youtube.com\/embed\/m2VsmXQMd6Q?start=3&#038;feature=oembed\" frameborder=\"0\" allow=\"accelerometer; autoplay; clipboard-write; encrypted-media; gyroscope; picture-in-picture; web-share\" allowfullscreen><\/iframe><\/p>\n<p><span style=\"font-weight: 400;\">Mesud Uz, oyunculu\u011fu ve seslendirme sanat\u0131 ile \u00f6ne \u00e7\u0131kan me\u015fhur seslerden biri. Daha \u00e7ok yabanc\u0131 belgesellerin T\u00fcrk\u00e7e seslendirmesini ger\u00e7ekle\u015ftiren bu ismi pek \u00e7ok belgeselde duyman\u0131z m\u00fcmk\u00fcn. Do\u011fa belgesellerinde, dizi ve \u00e7e\u015fitli sinema projelerinde kar\u015f\u0131n\u0131za \u00e7\u0131kan Mesud Uz\u2019u yak\u0131n zamanda televizyon ekranlar\u0131nda g\u00f6rm\u00fc\u015f olabilirsiniz. Payitaht Abd\u00fclhamid dizisinde \u201dZakaryan\u201d rol\u00fcyle seyirci kar\u015f\u0131s\u0131na \u00e7\u0131kan belgesel seslendirme sanat\u00e7\u0131s\u0131 oyunculu\u011fuyla izleyicilerin dikkatini \u00e7ekmi\u015fti. Peki, Mesud Uz hangi belgesellere sesiyle hayat verdi diyenler i\u00e7in i\u015fte cevab\u0131;\u00a0<\/span><\/p>\n<ul>\n<li style=\"font-weight: 400;\" aria-level=\"1\"><span style=\"font-weight: 400;\">\u0130nsano\u011flu Belgeseli<\/span><\/li>\n<li style=\"font-weight: 400;\" aria-level=\"1\"><span style=\"font-weight: 400;\">\u00c7anakkale Kahraman\u0131 Yahya \u00c7avu\u015f\u00a0<\/span><\/li>\n<li style=\"font-weight: 400;\" aria-level=\"1\"><span style=\"font-weight: 400;\">Tavus Ku\u015fu\u00a0<\/span><\/li>\n<\/ul>\n<p>&nbsp;<\/p>\n<h2><b>Televizyon Ekranlar\u0131ndan Tan\u0131d\u0131\u011f\u0131m\u0131z bir Ses: Sacit Onan<\/b><\/h2>\n<p><span style=\"font-weight: 400;\"><img loading=\"lazy\" decoding=\"async\" class=\"alignnone wp-image-22399 size-full\" src=\"https:\/\/bibersa.com\/wp-content\/uploads\/2022\/12\/en-iyi-belgesel-seslendirme-sanatcilari-sacit-onan.jpg\" alt=\"en iyi belgesel seslendirme sanat\u00e7\u0131lar\u0131 sacit onan\" width=\"1024\" height=\"576\" title=\"\" srcset=\"https:\/\/bibersa.com\/wp-content\/uploads\/2022\/12\/en-iyi-belgesel-seslendirme-sanatcilari-sacit-onan.jpg 1024w, https:\/\/bibersa.com\/wp-content\/uploads\/2022\/12\/en-iyi-belgesel-seslendirme-sanatcilari-sacit-onan-768x432.jpg 768w, https:\/\/bibersa.com\/wp-content\/uploads\/2022\/12\/en-iyi-belgesel-seslendirme-sanatcilari-sacit-onan-640x360.jpg 640w, https:\/\/bibersa.com\/wp-content\/uploads\/2022\/12\/en-iyi-belgesel-seslendirme-sanatcilari-sacit-onan-400x225.jpg 400w\" sizes=\"auto, (max-width: 1024px) 100vw, 1024px\" \/><\/span><\/p>\n<p><span style=\"font-weight: 400;\">2010 y\u0131l\u0131nda kaybetti\u011fimiz Sacit Onan televizyon ekranlar\u0131ndan ve online mecralardan a\u015fina oldu\u011funuz bir ses. Televizyon ekranlar\u0131nda yay\u0131nlanan bir\u00e7ok film ve diziye sesini veren Onan&#8217;\u0131 seslendirme yapt\u0131\u011f\u0131 belgesellerden tan\u0131yor olabilirsiniz. Oyunculuk ve seslendirmenin yan\u0131 s\u0131ra Sacit Onan\u2019\u0131n kendisinin y\u00f6netti\u011fi bir\u00e7ok film de mevcut. \u201cSinop Tarihi Cezaevi\u201d belgeseli, Sacit Onan\u2019\u0131n y\u00f6netmenli\u011fini \u00fcstlendi\u011fi en iyi yap\u0131tlar aras\u0131nda yer al\u0131yor. \u0130\u015fte Sacit Onan\u2019\u0131n ses verdi\u011fi yerli ve yabanc\u0131 belgeseller;\u00a0<\/span><\/p>\n<ul>\n<li style=\"font-weight: 400;\" aria-level=\"1\"><span style=\"font-weight: 400;\">Toprak ve \u0130nsan<\/span><\/li>\n<li style=\"font-weight: 400;\" aria-level=\"1\"><span style=\"font-weight: 400;\">Anadolu\u2019da Ya\u015fam\u00a0<\/span><\/li>\n<li style=\"font-weight: 400;\" aria-level=\"1\"><span style=\"font-weight: 400;\">K\u0131y\u0131 Ya\u011fmac\u0131l\u0131\u011f\u0131\u00a0<\/span><\/li>\n<li style=\"font-weight: 400;\" aria-level=\"1\"><span style=\"font-weight: 400;\">Karadeniz\u2019den \u00c7e\u015fitlemeler\u00a0<\/span><\/li>\n<li style=\"font-weight: 400;\" aria-level=\"1\"><span style=\"font-weight: 400;\">Su ile Gelen K\u00fclt\u00fcr\u00a0<\/span><\/li>\n<li style=\"font-weight: 400;\" aria-level=\"1\"><span style=\"font-weight: 400;\">Asya&#8217;da Uyanan Zaman\u00a0<\/span><\/li>\n<li style=\"font-weight: 400;\" aria-level=\"1\"><span style=\"font-weight: 400;\">\u0130pek Yolu<\/span><\/li>\n<li style=\"font-weight: 400;\" aria-level=\"1\"><span style=\"font-weight: 400;\">Kaptan Cousteau<\/span><\/li>\n<li style=\"font-weight: 400;\" aria-level=\"1\"><span style=\"font-weight: 400;\">Sava\u015fan D\u00fcnya\u00a0<\/span><\/li>\n<li style=\"font-weight: 400;\" aria-level=\"1\"><span style=\"font-weight: 400;\">Ke\u00e7enin Teri<\/span><\/li>\n<li style=\"font-weight: 400;\" aria-level=\"1\"><span style=\"font-weight: 400;\">F\u0131rat&#8217;\u0131n T\u00fcrk\u00fcs\u00fc<\/span><\/li>\n<li style=\"font-weight: 400;\" aria-level=\"1\"><span style=\"font-weight: 400;\">Cumhuriyet&#8217;in 75. Y\u0131l\u0131nda Ege Belgeseli<\/span><\/li>\n<li style=\"font-weight: 400;\" aria-level=\"1\"><span style=\"font-weight: 400;\">Beyo\u011flu Zaman \u0130\u00e7inde\u00a0<\/span><\/li>\n<li style=\"font-weight: 400;\" aria-level=\"1\"><span style=\"font-weight: 400;\">\u00c7anakkale Bir Sava\u015f Ard\u0131 Destan\u0131<\/span><\/li>\n<li style=\"font-weight: 400;\" aria-level=\"1\"><span style=\"font-weight: 400;\">D\u00f6n\u00fc\u015f\u00fcm\u00a0<\/span><\/li>\n<li style=\"font-weight: 400;\" aria-level=\"1\"><span style=\"font-weight: 400;\">Ke\u015ffin K\u0131y\u0131s\u0131nda\u00a0<\/span><\/li>\n<li style=\"font-weight: 400;\" aria-level=\"1\"><span style=\"font-weight: 400;\">Son Tan\u0131klar\u00a0<\/span><\/li>\n<li style=\"font-weight: 400;\" aria-level=\"1\"><span style=\"font-weight: 400;\">K\u0131r Yoksullar\u0131n\u0131n T\u00fcrk\u00fcs\u00fc\u00a0<\/span><\/li>\n<\/ul>\n<p>&nbsp;<\/p>\n<h2><b>Seslendirme ve Dublaj Sanat\u00e7\u0131s\u0131, Nam\u0131di\u011fer &#8220;D\u0131\u015f Sesi&#8221;: Aydo\u011fan Temel\u00a0<\/b><\/h2>\n<p><span style=\"font-weight: 400;\"><img loading=\"lazy\" decoding=\"async\" class=\"alignnone wp-image-22143\" src=\"https:\/\/bibersa.com\/wp-content\/uploads\/2022\/12\/aydogan-temel-kimdir-1024x576.jpg\" alt=\"En iyi belgesel seslendirme sanat\u00e7\u0131lar\u0131: Aydo\u011fan Temel\" width=\"1024\" height=\"576\" title=\"\" srcset=\"https:\/\/bibersa.com\/wp-content\/uploads\/2022\/12\/aydogan-temel-kimdir-1024x576.jpg 1024w, https:\/\/bibersa.com\/wp-content\/uploads\/2022\/12\/aydogan-temel-kimdir-768x432.jpg 768w, https:\/\/bibersa.com\/wp-content\/uploads\/2022\/12\/aydogan-temel-kimdir-640x360.jpg 640w, https:\/\/bibersa.com\/wp-content\/uploads\/2022\/12\/aydogan-temel-kimdir-400x225.jpg 400w\" sizes=\"auto, (max-width: 1024px) 100vw, 1024px\" \/><\/span><\/p>\n<p><span style=\"font-weight: 400;\">Aydo\u011fan Temel 1983 y\u0131l\u0131ndan beri dizi, \u00e7izgi film, sinema, belgesel ve reklam filmleri i\u00e7in dublaj yap\u0131yor. K\u00f6t\u00fc karakterleri seslendiren sanat\u00e7\u0131; William Macy, John Malkovich, Gary Oldman, Kevin Spacey gibi isimlere ses verdi. Yabanc\u0131 dizi ve reklam filmlerinden a\u015fina oldu\u011funuz \u00fcnl\u00fc isim, bug\u00fcne kadar say\u0131s\u0131z yap\u0131t\u0131n seslendirmesini \u00fcstlendi. \u00dcnl\u00fc seslendirme sanat\u00e7\u0131s\u0131n\u0131n ses verdi\u011fi en \u00f6nemli filmleri \u015f\u00f6yle s\u0131ralayabiliriz;<\/span><\/p>\n<ul>\n<li style=\"font-weight: 400;\" aria-level=\"1\"><span style=\"font-weight: 400;\">Kutup Ay\u0131s\u0131 ( Belgesel)\u00a0<\/span><\/li>\n<li style=\"font-weight: 400;\" aria-level=\"1\"><span style=\"font-weight: 400;\">Sherlock Holmes: G\u00f6lge Oyunlar\u0131\u00a0<\/span><\/li>\n<li style=\"font-weight: 400;\" aria-level=\"1\"><span style=\"font-weight: 400;\">\u00c7izmeli Kedi<\/span><\/li>\n<li style=\"font-weight: 400;\" aria-level=\"1\"><span style=\"font-weight: 400;\">G\u00f6revimiz Tehlike 4\u00a0<\/span><\/li>\n<li style=\"font-weight: 400;\" aria-level=\"1\"><span style=\"font-weight: 400;\">Buz Devri 4\u00a0<\/span><\/li>\n<li style=\"font-weight: 400;\" aria-level=\"1\"><span style=\"font-weight: 400;\">Pamuk Prenses ve Avc\u0131\u00a0<\/span><\/li>\n<li style=\"font-weight: 400;\" aria-level=\"1\"><span style=\"font-weight: 400;\">A\u00e7l\u0131k Oyunlar\u0131\u00a0<\/span><\/li>\n<li style=\"font-weight: 400;\" aria-level=\"1\"><span style=\"font-weight: 400;\">Jobs\u00a0<\/span><\/li>\n<li style=\"font-weight: 400;\" aria-level=\"1\"><span style=\"font-weight: 400;\">John Wick\u00a0<\/span><\/li>\n<li style=\"font-weight: 400;\" aria-level=\"1\"><span style=\"font-weight: 400;\">Kingsman\u00a0<\/span><\/li>\n<li style=\"font-weight: 400;\" aria-level=\"1\"><span style=\"font-weight: 400;\">Dirili\u015f<\/span><\/li>\n<li style=\"font-weight: 400;\" aria-level=\"1\"><span style=\"font-weight: 400;\">\u00d6r\u00fcmcek Adam: \u00d6r\u00fcmcek Evreninde\u00a0<\/span><\/li>\n<\/ul>\n<h2><strong>Sanat\u00e7\u0131, E\u011fitmen ve Yazar : Ahmet \u015eahin Aksoy\u00a0<\/strong><\/h2>\n<p><span style=\"font-weight: 400;\"><img loading=\"lazy\" decoding=\"async\" class=\"alignnone wp-image-22395 size-full\" src=\"https:\/\/bibersa.com\/wp-content\/uploads\/2022\/12\/en-iyi-belgesel-seslendirme-sanatcilari-ahmet-sahin-aksoy.jpg\" alt=\"en iyi belgesel seslendirme sanat\u00e7\u0131lar\u0131 ahmet \u015fahin aksoy\" width=\"1024\" height=\"576\" title=\"\" srcset=\"https:\/\/bibersa.com\/wp-content\/uploads\/2022\/12\/en-iyi-belgesel-seslendirme-sanatcilari-ahmet-sahin-aksoy.jpg 1024w, https:\/\/bibersa.com\/wp-content\/uploads\/2022\/12\/en-iyi-belgesel-seslendirme-sanatcilari-ahmet-sahin-aksoy-768x432.jpg 768w, https:\/\/bibersa.com\/wp-content\/uploads\/2022\/12\/en-iyi-belgesel-seslendirme-sanatcilari-ahmet-sahin-aksoy-640x360.jpg 640w, https:\/\/bibersa.com\/wp-content\/uploads\/2022\/12\/en-iyi-belgesel-seslendirme-sanatcilari-ahmet-sahin-aksoy-400x225.jpg 400w\" sizes=\"auto, (max-width: 1024px) 100vw, 1024px\" \/><\/span><\/p>\n<p><span style=\"font-weight: 400;\">Sanat\u00e7\u0131, e\u011fitmen ve yazar kimli\u011fi ile bilinen Ahmet \u015eahin Aksoy, TRT\u2019de yer alan \u00f6nemli seslendirme sanat\u00e7\u0131lar\u0131ndan biri. TRT 2\u2019de yay\u0131nlanan \u201cTuvaldeki Ba\u015fyap\u0131t\u201d adl\u0131 belgeselden onun sesini hat\u0131rlayabilirsiniz. Ahmet \u015eAhin Aksoy g\u00fcn\u00fcm\u00fczde dublaj \u00fczerine e\u011fitimler vererek gelece\u011fin sanat\u00e7\u0131lar\u0131na \u0131\u015f\u0131k tutuyor. Yazarl\u0131\u011f\u0131 ve seslendirme sanat\u00e7\u0131l\u0131\u011f\u0131 ile \u00f6ne \u00e7\u0131kan Ahmet \u015eahin Aksoy\u2019un seslendirdi\u011fi programlar ise \u015f\u00f6yle;<\/span><\/p>\n<ul>\n<li style=\"font-weight: 400;\" aria-level=\"1\"><span style=\"font-weight: 400;\">Guguk Ku\u015fu- Yuvamdaki D\u00fc\u015fman<\/span><\/li>\n<li style=\"font-weight: 400;\" aria-level=\"1\"><span style=\"font-weight: 400;\">Tuvaldeki Ba\u015fyap\u0131t\u00a0<\/span><\/li>\n<li style=\"font-weight: 400;\" aria-level=\"1\"><span style=\"font-weight: 400;\">Namibya Belgeseli<\/span><\/li>\n<li style=\"font-weight: 400;\" aria-level=\"1\"><span style=\"font-weight: 400;\">An\u0131tla\u015fan \u00c7anakkale ( Program)\u00a0<\/span><\/li>\n<li style=\"font-weight: 400;\" aria-level=\"1\"><span style=\"font-weight: 400;\">Soyk\u0131r\u0131m\u0131n \u0130\u00e7 Y\u00fcz\u00fc ( Program)\u00a0<\/span><\/li>\n<\/ul>\n<h2><b>\u0130z B\u0131rakan Sesi ile Sanata Adanm\u0131\u015f Bir Sanat\u00e7\u0131 : Cihan \u00dcnal\u00a0<\/b><\/h2>\n<p><span style=\"font-weight: 400;\"><img loading=\"lazy\" decoding=\"async\" class=\"alignnone wp-image-22357 size-large\" src=\"https:\/\/bibersa.com\/wp-content\/uploads\/2022\/12\/cihan-unal-seslendirme-sanatcisi-1-1024x576.jpg\" alt=\"en iyi belgesel seslendirme sanat\u00e7\u0131lar\u0131 cihan \u00fcnal\" width=\"1024\" height=\"576\" title=\"\" srcset=\"https:\/\/bibersa.com\/wp-content\/uploads\/2022\/12\/cihan-unal-seslendirme-sanatcisi-1-1024x576.jpg 1024w, https:\/\/bibersa.com\/wp-content\/uploads\/2022\/12\/cihan-unal-seslendirme-sanatcisi-1-768x432.jpg 768w, https:\/\/bibersa.com\/wp-content\/uploads\/2022\/12\/cihan-unal-seslendirme-sanatcisi-1-640x360.jpg 640w, https:\/\/bibersa.com\/wp-content\/uploads\/2022\/12\/cihan-unal-seslendirme-sanatcisi-1-400x225.jpg 400w\" sizes=\"auto, (max-width: 1024px) 100vw, 1024px\" \/><\/span><\/p>\n<p><span style=\"font-weight: 400;\">Cihan \u00dcnal tiyatro y\u00f6netmenli\u011fi ve dizi &#8211; film oyunculu\u011fu ile seyirci kar\u015f\u0131s\u0131na \u00e7\u0131k\u0131yor. Sinemaya 1972&#8217;de Damdaki Kemanc\u0131 ile ba\u015flayan Cihan \u00dcnal ilerleyen d\u00f6nemlerde Yedi Kocal\u0131 H\u00fcrm\u00fcz ile devam etti. Bunlar\u0131 takiben Ba\u011fdat Hatun ve Kad\u0131n \u0130sterse gibi dizilerdeki rolleriyle izleyici kar\u015f\u0131s\u0131na ge\u00e7ti. Bir seslendirme sanat\u00e7\u0131s\u0131 olan Cihan \u00dcnal, sesiyle belgesellere hayat veren \u00fcnl\u00fc isimler aras\u0131nda yer al\u0131yor. \u00dcnl\u00fc seslendirme sanat\u00e7\u0131s\u0131 Cihan \u00dcnal\u2019\u0131n sesiyle hayat verdi\u011fi belgeselleri \u015f\u00f6yle s\u0131ralayabiliriz;<\/span><\/p>\n<ul>\n<li style=\"font-weight: 400;\" aria-level=\"1\"><span style=\"font-weight: 400;\">Efsane Aslanlar\u00a0<\/span><\/li>\n<li style=\"font-weight: 400;\" aria-level=\"1\"><span style=\"font-weight: 400;\">Y\u00fczy\u0131l\u0131n A\u015fklar\u0131\u00a0<\/span><\/li>\n<li style=\"font-weight: 400;\" aria-level=\"1\"><span style=\"font-weight: 400;\">Seferihisar Belgeseli<\/span><\/li>\n<li style=\"font-weight: 400;\" aria-level=\"1\"><span style=\"font-weight: 400;\">IV. Murat Manifestosu\u00a0<\/span><\/li>\n<\/ul>\n<p>Cihan \u00dcnal hakk\u0131nda daha fazla bilgi edinmek i\u00e7in <a href=\"https:\/\/bibersa.com\/ar\/\u0645\u0642\u0627\u0644\u0627\u062a\/\u0645\u0646-\u0647\u0648-\u062c\u064a\u0647\u0627\u0646-\u0623\u0648\u0646\u0627\u0644\/\" target=\"_blank\" rel=\"noopener sponsored\">Cihan \u00dcnal Kimdir<\/a> adl\u0131 i\u00e7eri\u011fimize g\u00f6z atabilirsiniz.<\/p>\n<h2><b>Enerjik, Ne\u015feli bir Ses: Tarkan Ko\u00e7\u00a0<\/b><\/h2>\n<p><span style=\"font-weight: 400;\"><img loading=\"lazy\" decoding=\"async\" class=\"alignnone wp-image-22400 size-full\" src=\"https:\/\/bibersa.com\/wp-content\/uploads\/2022\/12\/tarkan-koc-en-iyi-belgesel-seslendirme-sanatcilari.jpg\" alt=\"tarkan ko\u00e7 en iyi belgesel seslendirme sanat\u00e7\u0131lar\u0131\" width=\"1024\" height=\"576\" title=\"\" srcset=\"https:\/\/bibersa.com\/wp-content\/uploads\/2022\/12\/tarkan-koc-en-iyi-belgesel-seslendirme-sanatcilari.jpg 1024w, https:\/\/bibersa.com\/wp-content\/uploads\/2022\/12\/tarkan-koc-en-iyi-belgesel-seslendirme-sanatcilari-768x432.jpg 768w, https:\/\/bibersa.com\/wp-content\/uploads\/2022\/12\/tarkan-koc-en-iyi-belgesel-seslendirme-sanatcilari-640x360.jpg 640w, https:\/\/bibersa.com\/wp-content\/uploads\/2022\/12\/tarkan-koc-en-iyi-belgesel-seslendirme-sanatcilari-400x225.jpg 400w\" sizes=\"auto, (max-width: 1024px) 100vw, 1024px\" \/><\/span><\/p>\n<p><span style=\"font-weight: 400;\">Tarkan Ko\u00e7, son y\u0131llarda en \u00e7ok izlenen televizyon programlar\u0131 aras\u0131nda yer alan Yemekteyiz\u2019in d\u0131\u015f sesi. Mimar Sinan GS\u00dc Devlet Konservatuvar\u0131 Opera-\u015ean b\u00f6l\u00fcm\u00fcnden mezun olan Ko\u00e7, tiyatro ve m\u00fczikallerde yer ald\u0131. Seslendirme sanat\u0131 ile yak\u0131ndan ilgilenen Ko\u00e7, yabanc\u0131 film ve \u00e7izgi filmlerde <a href=\"https:\/\/www.youtube.com\/watch?v=KSjUAoF1UrA\" target=\"_blank\" rel=\"noopener sponsored\">seslendirme sanat\u00e7\u0131s\u0131<\/a> olarak g\u00f6rev al\u0131yor. Bu \u00fcnl\u00fc sesin hayat verdi\u011fi yap\u0131tlar ise \u015funlar;\u00a0<\/span><\/p>\n<ul>\n<li style=\"font-weight: 400;\" aria-level=\"1\"><span style=\"font-weight: 400;\">Bakugan- Drago\u00a0<\/span><\/li>\n<li style=\"font-weight: 400;\" aria-level=\"1\"><span style=\"font-weight: 400;\">Caillou &#8211; B\u00fcy\u00fck baba\u00a0<\/span><\/li>\n<li style=\"font-weight: 400;\" aria-level=\"1\"><span style=\"font-weight: 400;\">Transformers Prime &#8211; Optimus Prime\u00a0<\/span><\/li>\n<li style=\"font-weight: 400;\" aria-level=\"1\"><span style=\"font-weight: 400;\">Kafadar Ay\u0131lar- Yuri\u00a0<\/span><\/li>\n<li style=\"font-weight: 400;\" aria-level=\"1\"><span style=\"font-weight: 400;\">Kod Ad\u0131: Londra- Allan Trumbull<\/span><\/li>\n<li style=\"font-weight: 400;\" aria-level=\"1\"><span style=\"font-weight: 400;\">Operasyon Valkyrie- Eddie \u0130zzard\u00a0<\/span><\/li>\n<\/ul>\n<h2><b>Yerli Nicolas Gage Olarak Tan\u0131nan Dublaj ve Seslendirme Sanat\u00e7\u0131s\u0131: U\u011fur Ta\u015fdemir<\/b><\/h2>\n<p><span style=\"font-weight: 400;\"><img loading=\"lazy\" decoding=\"async\" class=\"alignnone wp-image-22388 size-large\" src=\"https:\/\/bibersa.com\/wp-content\/uploads\/2022\/12\/ugur-tasdemir-1024x408.jpeg\" alt=\"\" width=\"1024\" height=\"408\" title=\"\" srcset=\"https:\/\/bibersa.com\/wp-content\/uploads\/2022\/12\/ugur-tasdemir-1024x408.jpeg 1024w, https:\/\/bibersa.com\/wp-content\/uploads\/2022\/12\/ugur-tasdemir-768x306.jpeg 768w, https:\/\/bibersa.com\/wp-content\/uploads\/2022\/12\/ugur-tasdemir-640x255.jpeg 640w, https:\/\/bibersa.com\/wp-content\/uploads\/2022\/12\/ugur-tasdemir-400x159.jpeg 400w\" sizes=\"auto, (max-width: 1024px) 100vw, 1024px\" \/><\/span><\/p>\n<p><span style=\"font-weight: 400;\">Akt\u00f6r Nicolas Cage&#8217;in 50\u2019den fazla filminde seslendirme yapan U\u011fur Ta\u015fdemir, 1979 y\u0131l\u0131ndan beri bu alanda. Kurtlar Vadisi, Doktorlar ve \u00c7i\u00e7ek Taksi gibi bir d\u00f6neme damgas\u0131n\u0131 vuran dizilerde U\u011fut Ta\u015fdemir\u2019i oyuncu kimli\u011fiyle g\u00f6rm\u00fc\u015f olabilirsiniz. \u00dcnl\u00fc ismin belgesel seslendirme alan\u0131ndaki \u00e7al\u0131\u015fmalar\u0131 ise \u015funlard\u0131r;<\/span><\/p>\n<ul>\n<li style=\"font-weight: 400;\" aria-level=\"1\"><span style=\"font-weight: 400;\">Sanayi Sava\u015flar\u0131\u00a0<\/span><\/li>\n<li style=\"font-weight: 400;\" aria-level=\"1\"><span style=\"font-weight: 400;\">Su Sava\u015flar\u0131<\/span><\/li>\n<li style=\"font-weight: 400;\" aria-level=\"1\"><span style=\"font-weight: 400;\">Sesin Y\u00fczleri ( Program)\u00a0<\/span><\/li>\n<li style=\"font-weight: 400;\" aria-level=\"1\"><span style=\"font-weight: 400;\">\u0130\u015fte O Ses ( Program)\u00a0<\/span><\/li>\n<\/ul>\n<h2><b>Oyuncu, Tiyatrocu ve Seslendirme Sanat\u00e7\u0131s\u0131: K\u00f6ksal Eng\u00fcr<\/b><\/h2>\n<p><span style=\"font-weight: 400;\"><img loading=\"lazy\" decoding=\"async\" class=\"alignnone wp-image-22396 size-full\" src=\"https:\/\/bibersa.com\/wp-content\/uploads\/2022\/12\/en-iyi-belgesel-seslendirme-sanatcilar-koksal-engur.jpg\" alt=\"en iyi belgesel seslendirme sanat\u00e7\u0131lar k\u00f6ksal eng\u00fcr\" width=\"1024\" height=\"576\" title=\"\" srcset=\"https:\/\/bibersa.com\/wp-content\/uploads\/2022\/12\/en-iyi-belgesel-seslendirme-sanatcilar-koksal-engur.jpg 1024w, https:\/\/bibersa.com\/wp-content\/uploads\/2022\/12\/en-iyi-belgesel-seslendirme-sanatcilar-koksal-engur-768x432.jpg 768w, https:\/\/bibersa.com\/wp-content\/uploads\/2022\/12\/en-iyi-belgesel-seslendirme-sanatcilar-koksal-engur-640x360.jpg 640w, https:\/\/bibersa.com\/wp-content\/uploads\/2022\/12\/en-iyi-belgesel-seslendirme-sanatcilar-koksal-engur-400x225.jpg 400w\" sizes=\"auto, (max-width: 1024px) 100vw, 1024px\" \/><\/span><\/p>\n<p><span style=\"font-weight: 400;\">Leyla ile Mecnun dizisinin ak sakall\u0131 dedesi olarak ak\u0131llardaki yerini alan \u00fcnl\u00fc isim K\u00f6ksal Eng\u00fcr\u2019d\u00fcr. K\u00f6ksal Eng\u00fcr, TRT programlar\u0131nda seslendirme \u00e7al\u0131\u015fmalar\u0131 yaparak kariyer yolculu\u011funu ba\u015flatt\u0131. Ankara Halkevi, Ankara Deneme Sahnesi, \u00c7a\u011fda\u015f Sahne, Hodri Meydan Tiyatrosu, Dormen Tiyatrosu ve\u00a0 K\u00fc\u00e7\u00fck Sahne\u2019de tiyatro oyunculu\u011fu yapt\u0131.\u00a0 \u00dcnl\u00fc oyuncu Eng\u00fcr, ayn\u0131 zamanda S\u00fcngerBob Kare \u015eort \u00e7izgi dizisinde Squitward karakterini seslendiren ki\u015fiydi. Oyunculu\u011fu ile \u00f6ne \u00e7\u0131kan K\u00f6ksal Eng\u00fcr\u2019\u00fcn yer ald\u0131\u011f\u0131 en \u00f6nemli yap\u0131tlar ve rolleri;<\/span><\/p>\n<ul>\n<li style=\"font-weight: 400;\" aria-level=\"1\"><span style=\"font-weight: 400;\">Redkit- Redkit\u00a0<\/span><\/li>\n<li style=\"font-weight: 400;\" aria-level=\"1\"><span style=\"font-weight: 400;\">S\u00fcngerbob- Squitward<\/span><\/li>\n<li style=\"font-weight: 400;\" aria-level=\"1\"><span style=\"font-weight: 400;\">Susam Soka\u011f\u0131- B\u00fcd\u00fc<\/span><\/li>\n<li style=\"font-weight: 400;\" aria-level=\"1\"><span style=\"font-weight: 400;\">Ben de \u00d6zledim- K\u00f6ksal\u00a0<\/span><\/li>\n<li style=\"font-weight: 400;\" aria-level=\"1\"><span style=\"font-weight: 400;\">Be\u015f Karde\u015f- Osman\u00a0<\/span><\/li>\n<li style=\"font-weight: 400;\" aria-level=\"1\"><span style=\"font-weight: 400;\">G\u00fcne\u015fin Ailesi- Fikri Semsigil\u00a0<\/span><\/li>\n<li style=\"font-weight: 400;\" aria-level=\"1\"><span style=\"font-weight: 400;\">Dudaktan Kalbe- Saib Pa\u015fa\u00a0<\/span><\/li>\n<\/ul>\n<h2><b>Sesi ve Oyunculu\u011fu ile Belgesele Hayat Veren Sanat\u00e7\u0131: Levent D\u00f6nmez<\/b><\/h2>\n<p><span style=\"font-weight: 400;\"><img loading=\"lazy\" decoding=\"async\" class=\"alignnone wp-image-22397 size-full\" src=\"https:\/\/bibersa.com\/wp-content\/uploads\/2022\/12\/levent-donmez-en-iyi-belgesel-seslendirme-sanatcilari.jpg\" alt=\"levent d\u00f6nmez en iyi belgesel seslendirme sanat\u00e7\u0131lar\u0131\" width=\"960\" height=\"637\" title=\"\" srcset=\"https:\/\/bibersa.com\/wp-content\/uploads\/2022\/12\/levent-donmez-en-iyi-belgesel-seslendirme-sanatcilari.jpg 960w, https:\/\/bibersa.com\/wp-content\/uploads\/2022\/12\/levent-donmez-en-iyi-belgesel-seslendirme-sanatcilari-768x510.jpg 768w, https:\/\/bibersa.com\/wp-content\/uploads\/2022\/12\/levent-donmez-en-iyi-belgesel-seslendirme-sanatcilari-640x425.jpg 640w, https:\/\/bibersa.com\/wp-content\/uploads\/2022\/12\/levent-donmez-en-iyi-belgesel-seslendirme-sanatcilari-400x265.jpg 400w\" sizes=\"auto, (max-width: 960px) 100vw, 960px\" \/><\/span><\/p>\n<p><span style=\"font-weight: 400;\">\u00dcniversite y\u0131llar\u0131nda \u00e7e\u015fitli amat\u00f6r tiyatro topluluklar\u0131na kat\u0131lan Levent D\u00f6nmez, burada oyunculuk ve y\u00f6netmen rollerini \u00fcstlendi. \u0130stanbul Belediyesi \u015eehir Tiyatrolar\u0131, G\u00fclriz Sururi Engin Cezzar ve G\u00f6n\u00fcl \u00dclk\u00fc Gazanfer \u00d6zcan Tiyatrolar\u0131\u2019nda \u00e7e\u015fitli oyunlar sergiledi. Levent D\u00f6nmez, ayn\u0131 d\u00f6nemlerde seslendirme sanat\u0131na da ba\u015flad\u0131. Uzun y\u0131llar film seslendirmeleri yapan \u00fcnl\u00fc isim, belgesel film \u00e7al\u0131\u015fmalar\u0131yla da ad\u0131ndan s\u0131k\u00e7a s\u00f6z ettirdi. Levent D\u00f6nmez\u2019in sesi ve oyunculu\u011fu ile hayat verdi\u011fi belgeseller \u015funlar;\u00a0<\/span><\/p>\n<ul>\n<li style=\"font-weight: 400;\" aria-level=\"1\"><span style=\"font-weight: 400;\">Piri Reis ve Amerika Haritas\u0131\u00a0<\/span><\/li>\n<li style=\"font-weight: 400;\" aria-level=\"1\"><span style=\"font-weight: 400;\">Planet Earth-\u00a0 Yery\u00fcz\u00fc Belgeseli\u00a0<\/span><\/li>\n<li style=\"font-weight: 400;\" aria-level=\"1\"><span style=\"font-weight: 400;\">M\u00fczeyyen Senar Belgeseli\u00a0<\/span><\/li>\n<li style=\"font-weight: 400;\" aria-level=\"1\"><span style=\"font-weight: 400;\">Balkanlar ve \u00d6tesi 1968\u00a0<\/span><\/li>\n<\/ul>\n<h2><b>Tarih Dizilerin ve Belgesellerinin Aranan \u0130smi : Bahad\u0131r Yeni\u015fehirlio\u011flu<\/b><\/h2>\n<p><span style=\"font-weight: 400;\"><img loading=\"lazy\" decoding=\"async\" class=\"alignnone wp-image-22398 size-full\" src=\"https:\/\/bibersa.com\/wp-content\/uploads\/2022\/12\/bahadir-yenisehirlioglu-en-iyi-belgesel-seslendirme-sanatcilari.jpg\" alt=\"bahad\u0131r yeni\u015fehirlio\u011flu en iyi belgesel seslendirme sanat\u00e7\u0131lar\u0131\" width=\"1024\" height=\"576\" title=\"\" srcset=\"https:\/\/bibersa.com\/wp-content\/uploads\/2022\/12\/bahadir-yenisehirlioglu-en-iyi-belgesel-seslendirme-sanatcilari.jpg 1024w, https:\/\/bibersa.com\/wp-content\/uploads\/2022\/12\/bahadir-yenisehirlioglu-en-iyi-belgesel-seslendirme-sanatcilari-768x432.jpg 768w, https:\/\/bibersa.com\/wp-content\/uploads\/2022\/12\/bahadir-yenisehirlioglu-en-iyi-belgesel-seslendirme-sanatcilari-640x360.jpg 640w, https:\/\/bibersa.com\/wp-content\/uploads\/2022\/12\/bahadir-yenisehirlioglu-en-iyi-belgesel-seslendirme-sanatcilari-400x225.jpg 400w\" sizes=\"auto, (max-width: 1024px) 100vw, 1024px\" \/><\/span><\/p>\n<p><span style=\"font-weight: 400;\">Bahad\u0131r Yeni\u015fehirlio\u011flu oyuncu, hukuk\u00e7u ve yazar kimli\u011fi ile kar\u015f\u0131n\u0131za \u00e7\u0131k\u0131yor. Yeni\u015fehirlio\u011flu, roman t\u00fcr\u00fcndeki eserleri ve <a href=\"https:\/\/www.trtizle.com\/diziler\/payitaht-abdulhamid\" rel=\"nofollow noopener\" target=\"_blank\">Payitaht Abd\u00fclhamit<\/a> dizisindeki rolu ile tan\u0131n\u0131yor. Yaz\u0131l\u0131 eserleriyle daha \u00e7ok tan\u0131nan Bahad\u0131r Yeni\u015fehirlio\u011flu\u2019nu TRT ekranlar\u0131nda s\u0131kl\u0131kla g\u00f6rebilirsiniz. Bahad\u0131r Yeni\u015fehirlio\u011flu\u2019nun yer ald\u0131\u011f\u0131 yap\u0131tlar\u0131 \u015f\u00f6yle s\u0131ralayabiliriz;<\/span><\/p>\n<ul>\n<li style=\"font-weight: 400;\" aria-level=\"1\"><span style=\"font-weight: 400;\">Barbaroslar (Dizi)\u00a0<\/span><\/li>\n<li style=\"font-weight: 400;\" aria-level=\"1\"><span style=\"font-weight: 400;\">Payitaht Abd\u00fclhamid (Dizi)\u00a0<\/span><\/li>\n<li style=\"font-weight: 400;\" aria-level=\"1\"><span style=\"font-weight: 400;\">Mahsusa: Y\u00fczy\u0131ll\u0131k M\u00fch\u00fcr (Film)\u00a0<\/span><\/li>\n<li style=\"font-weight: 400;\" aria-level=\"1\"><span style=\"font-weight: 400;\">H\u00fcrku\u015f: G\u00f6klerdeki Kahraman (Film)\u00a0<\/span><\/li>\n<li style=\"font-weight: 400;\" aria-level=\"1\"><span style=\"font-weight: 400;\">Direni\u015f Karatay (Film)\u00a0<\/span><\/li>\n<li style=\"font-weight: 400;\" aria-level=\"1\"><span style=\"font-weight: 400;\">Sevda Ku\u015fun Kanad\u0131nda (Dizi)\u00a0<\/span><\/li>\n<li style=\"font-weight: 400;\" aria-level=\"1\"><span style=\"font-weight: 400;\">Yedi G\u00fczel Adam (Dizi)\u00a0<\/span><\/li>\n<\/ul>\n<p><iframe loading=\"lazy\" title=\"Belgesel Seslendirme Sanat\u00e7\u0131lar\u0131 | BiberSA Prod\u00fcksiyon\" width=\"1140\" height=\"641\" src=\"https:\/\/www.youtube.com\/embed\/z06Yg2_vy40?feature=oembed\" frameborder=\"0\" allow=\"accelerometer; autoplay; clipboard-write; encrypted-media; gyroscope; picture-in-picture; web-share\" allowfullscreen><\/iframe><\/p>\n\r\n\t\t<\/div>\r\n\t<\/div>\r\n<\/div><\/div><\/div><div class=\"vc_row wpb_row row top-row vc_custom_1668025623464\"><div class=\"vc_column_container col-md-12\"><div class=\"wpb_wrapper vc_column-inner\"><div class=\"vc_btn3-container vc_btn3-center vc_custom_1680686013968 vc_do_btn\" >\r\n\t<a class=\"vc_btn3 vc_btn3-shape-round vc_btn3-block wpb_custom_6687b26f39488ddbb85ddb3c1ce8e111 vc_btn3-icon-left btn btn-borders btn-xl btn-success\" href=\"https:\/\/bibersa.com\/ar\/\u0648\u062b\u0627\u0626\u0642\u064a-\u0635\u0648\u062a\u064a\/\" title=\"Belgesel Seslendirme\"><i class=\"vc_btn3-icon vc-material vc-material-call_made\"><\/i> Belgesel Seslendirme Hakk\u0131nda Daha Fazla Bilgi Almak i\u00e7in T\u0131klay\u0131n\u0131z<\/a>\t<\/div>\r\n<\/div><\/div><\/div>\n<\/div>","protected":false},"excerpt":{"rendered":"\u00dclkemizde sahnenin arkas\u0131nda kalan en iyi belgesel seslendirme sanat\u00e7\u0131lar\u0131 kimler? Bu yaz\u0131m\u0131zda T\u00fcrkiye\u2019nin en iyi belgesel seslendirme sanat\u00e7\u0131lar\u0131na yer verece\u011fiz. \u0130\u00e7inde eksi\u011fimiz var fazlam\u0131z yok... 11 belgesel seslendirme sanat\u00e7\u0131m\u0131z\u0131 size tan\u0131tmak istiyoruz ancak belgesel seslendirme sanat\u00e7\u0131lar\u0131 konusunda son yaz\u0131m\u0131z\u0131n bu olmayaca\u011f\u0131n\u0131 da bildirmek isteriz. Sizlere tan\u0131tmak isteyece\u011fimiz Mazlum Kiper gibi ba\u015fat belgesel seslendirme sanat\u00e7\u0131lar\u0131m\u0131z i\u00e7in [...]","protected":false},"author":23,"featured_media":22390,"comment_status":"closed","ping_status":"closed","sticky":false,"template":"","format":"standard","meta":{"footnotes":""},"categories":[1],"tags":[1748,1749],"class_list":["post-22341","post","type-post","status-publish","format-standard","has-post-thumbnail","hentry","category-blog","tag-belgesel-seslendirme-sanatcilari","tag-en-iyi-belgesel-seslendirme-sanatcilari"],"featured_image_src":{"landsacpe":["https:\/\/bibersa.com\/wp-content\/uploads\/2022\/12\/shutterstock_1727240911-1140x445.jpg",1140,445,true],"list":["https:\/\/bibersa.com\/wp-content\/uploads\/2022\/12\/shutterstock_1727240911-463x348.jpg",463,348,true],"medium":["https:\/\/bibersa.com\/wp-content\/uploads\/2022\/12\/shutterstock_1727240911-300x200.jpg",300,200,true],"full":["https:\/\/bibersa.com\/wp-content\/uploads\/2022\/12\/shutterstock_1727240911-scaled.jpg",2560,1705,false]},"_links":{"self":[{"href":"https:\/\/bibersa.com\/ar\/wp-json\/wp\/v2\/posts\/22341","targetHints":{"allow":["GET"]}}],"collection":[{"href":"https:\/\/bibersa.com\/ar\/wp-json\/wp\/v2\/posts"}],"about":[{"href":"https:\/\/bibersa.com\/ar\/wp-json\/wp\/v2\/types\/post"}],"author":[{"embeddable":true,"href":"https:\/\/bibersa.com\/ar\/wp-json\/wp\/v2\/users\/23"}],"replies":[{"embeddable":true,"href":"https:\/\/bibersa.com\/ar\/wp-json\/wp\/v2\/comments?post=22341"}],"version-history":[{"count":0,"href":"https:\/\/bibersa.com\/ar\/wp-json\/wp\/v2\/posts\/22341\/revisions"}],"wp:featuredmedia":[{"embeddable":true,"href":"https:\/\/bibersa.com\/ar\/wp-json\/wp\/v2\/media\/22390"}],"wp:attachment":[{"href":"https:\/\/bibersa.com\/ar\/wp-json\/wp\/v2\/media?parent=22341"}],"wp:term":[{"taxonomy":"category","embeddable":true,"href":"https:\/\/bibersa.com\/ar\/wp-json\/wp\/v2\/categories?post=22341"},{"taxonomy":"post_tag","embeddable":true,"href":"https:\/\/bibersa.com\/ar\/wp-json\/wp\/v2\/tags?post=22341"}],"curies":[{"name":"wp","href":"https:\/\/api.w.org\/{rel}","templated":true}]}}