{"id":22556,"date":"2023-01-10T19:00:25","date_gmt":"2023-01-10T16:00:25","guid":{"rendered":"https:\/\/bibersa.com\/?p=22556"},"modified":"2023-01-10T22:43:45","modified_gmt":"2023-01-10T19:43:45","slug":"tarkan-koc-kimdir","status":"publish","type":"post","link":"https:\/\/bibersa.com\/ar\/%d9%85%d9%82%d8%a7%d9%84%d8%a7%d8%aa\/%d9%85%d9%86-%d9%87%d9%88-%d8%aa%d8%a7%d8%b1%d9%83%d8%a7%d9%86-%d9%83%d9%88%d8%aa%d8%b4\/","title":{"rendered":"Tarkan Ko\u00e7 Kimdir?"},"content":{"rendered":"<div class=\"wpb-content-wrapper\"><div class=\"vc_row wpb_row row top-row\"><div class=\"vc_column_container col-md-12\"><div class=\"wpb_wrapper vc_column-inner\">\r\n\t<div class=\"wpb_text_column wpb_content_element wpb_custom_7c91d232724f73626cc933bd95b25ff0\" >\r\n\t\t<div class=\"wpb_wrapper\">\r\n\t\t\t<p><span style=\"font-weight: 400;\">Tarkan Ko\u00e7 seslendirme alan\u0131ndaki ba\u015far\u0131s\u0131 ve oyunculu\u011fu ile farkl\u0131 kanallarda d\u0131\u015f ses olarak kar\u015f\u0131m\u0131za \u00e7\u0131kmaya devam ediyor. Peki, Yemekteyiz program\u0131n\u0131n d\u0131\u015f sesi<\/span><b> Tarkan Ko\u00e7 kimdir? <\/b><span style=\"font-weight: 400;\">Bu yaz\u0131m\u0131zda \u00fcnl\u00fc d\u0131\u015f sesin hayat\u0131na ve sanat ya\u015fam\u0131na yer verece\u011fiz.\u00a0<\/span><\/p>\n<p><span style=\"font-weight: 400;\">Yemekteyiz yar\u0131\u015fmas\u0131n\u0131n g\u00f6r\u00fcnmeyen y\u00fcz\u00fc olarak bilinen Tarkan Ko\u00e7, uzun y\u0131llard\u0131r televizyon programlar\u0131na sesiyle hayat veriyor. \u00d6\u011fretim g\u00f6revlisi kimli\u011fi bulunan \u00fcnl\u00fc d\u0131\u015f ses, ayn\u0131 zamanda seslendirme sekt\u00f6r\u00fcyle ilgili birikimlerini yeni nesillere aktaran nadir isimlerden biri. Yemekteyiz yar\u0131\u015fma program\u0131 arac\u0131l\u0131\u011f\u0131yla \u00fcnlenen Ko\u00e7, iyi bir seslendirme yapmas\u0131n\u0131n yan\u0131 s\u0131ra oyunculu\u011fuyla da dikkatleri \u00fczerine \u00e7ekiyor. Devlet tiyatrolar\u0131nda oynayarak mesle\u011fe giri\u015f yapan d\u0131\u015f sesin, televizyon sekt\u00f6r\u00fcne oyunculuk yetene\u011fi ile ge\u00e7i\u015f yapt\u0131\u011f\u0131 biliniyor.<\/span><\/p>\n<p><strong>2008 y\u0131l\u0131ndan beri kariyerini seslendirme yaparak ilerleten Tarkan Ko\u00e7 seslendirme<\/strong><span style=\"font-weight: 400;\"><strong> ve dublaj alan\u0131nda yeni yeteneklerle birlikte yola devam ediyor.<\/strong> G\u00fcnd\u00fcz ku\u015fa\u011f\u0131n\u0131n aranan seslerinden Tarkan Ko\u00e7 daha \u00e7ok \u00e7izgi film, film ve dizi sekt\u00f6r\u00fcnde sanat\u0131n\u0131 konu\u015fturuyor. <strong>Tiyatro sahnesinde de s\u0131kl\u0131kla g\u00f6rd\u00fc\u011f\u00fcm\u00fcz Yemekteyiz d\u0131\u015f sesi Tarkan Ko\u00e7, Ya\u015far Ne Ya\u015famaz ve Olmayan Kad\u0131n tiyatrolar\u0131ndaki performans\u0131 ile ak\u0131llardaki yerini al\u0131yor<\/strong>.\u00a0<\/span><\/p>\n<h2><span style=\"font-weight: 400;\"><img loading=\"lazy\" decoding=\"async\" class=\"alignnone wp-image-22418 size-large\" src=\"https:\/\/bibersa.com\/wp-content\/uploads\/2023\/01\/tarkan-koc-seslendirme-sanatcisi-1024x576.jpg\" alt=\"Tarkan Ko\u00e7 Kimdir\" width=\"1024\" height=\"576\" title=\"\" srcset=\"https:\/\/bibersa.com\/wp-content\/uploads\/2023\/01\/tarkan-koc-seslendirme-sanatcisi-1024x576.jpg 1024w, https:\/\/bibersa.com\/wp-content\/uploads\/2023\/01\/tarkan-koc-seslendirme-sanatcisi-768x432.jpg 768w, https:\/\/bibersa.com\/wp-content\/uploads\/2023\/01\/tarkan-koc-seslendirme-sanatcisi-640x360.jpg 640w, https:\/\/bibersa.com\/wp-content\/uploads\/2023\/01\/tarkan-koc-seslendirme-sanatcisi-400x225.jpg 400w\" sizes=\"auto, (max-width: 1024px) 100vw, 1024px\" \/><\/span><\/h2>\n<h2><span style=\"font-weight: 400;\">Tarkan Ko\u00e7 Kimdir: Tarkan Ko\u00e7\u2019un Hayat\u0131<\/span><\/h2>\n<p><span style=\"font-weight: 400;\">Uzun y\u0131llard\u0131r yar\u0131\u015fma programlar\u0131n\u0131n g\u00f6r\u00fcnmeyen y\u00fcz\u00fc olmaya devam eden Tarkan Ko\u00e7\u2019un sesi kadar \u00f6zel hayat\u0131 da merak ediliyor. G\u00fcnd\u00fcz ku\u015fa\u011f\u0131nda yay\u0131nlanan yemek programlar\u0131n\u0131 takip eden pek \u00e7ok izleyici <\/span>Tarkan Ko\u00e7 kimdir <span style=\"font-weight: 400;\">sorusunun yan\u0131t\u0131n\u0131 ar\u0131yor. \u0130\u015fte, Yemekteyiz program\u0131nda yar\u0131\u015fmac\u0131larla konu\u015farak i\u015fleri daha e\u011flenceli hale getiren Tarkan Ko\u00e7\u2019un hayat\u0131\u2026\u00a0<\/span><\/p>\n<p><span style=\"font-weight: 400;\"><strong>\u00dcnl\u00fc seslendirme ve dublaj sanat\u00e7\u0131s\u0131 Tarkan Ko\u00e7,<\/strong> 25 Haziran 1971 Ankara do\u011fumlu. 1988 y\u0131l\u0131nda Kabata\u015f Erkek Lisesi\u2019nden mezun olan d\u0131\u015f ses, daha sonra Mimar Sinan G\u00fczel Sanatlar \u00dcniversitesi Devlet Konservatuar\u0131 Opera-\u015ean B\u00f6l\u00fcm\u00fc\u2019n\u00fc bitirdi. Bu b\u00f6l\u00fcm\u00fc 1997 y\u0131l\u0131nda bitiren Ko\u00e7, Maltepe \u00dcniversitesi Felsefe B\u00f6l\u00fcm\u00fc\u2019nde y\u00fcksek lisans, Yeditepe \u00dcniversitesi Felsefe B\u00f6l\u00fcm\u00fc\u2019nde ise doktora e\u011fitimi ald\u0131. E\u011fitim alan\u0131nda y\u00fcksek lisans ve doktora \u00e7al\u0131\u015fmalar\u0131na devam ederken, \u00f6\u011frencilik y\u0131llar\u0131nda devlet tiyatrolar\u0131na girerek oyunculu\u011fa ba\u015flad\u0131.\u00a0<\/span><\/p>\n<p><span style=\"font-weight: 400;\">\u00d6\u011frenci oldu\u011fu d\u00f6nemlerde Tarkan Ko\u00e7, Cine 5 kanal\u0131nda asistanl\u0131k yaparak sekt\u00f6re dair bilgi ve tecr\u00fcbeler edindi. Tiyatro oyunculu\u011funa devam eden Ko\u00e7, 2008 y\u0131l\u0131na geldi\u011fimizde ise televizyon ekranlar\u0131na ge\u00e7i\u015f yapt\u0131. \u00dcnl\u00fc seslendirme sanat\u00e7\u0131s\u0131, 2008-\u00a0 2015 y\u0131llar\u0131 aras\u0131nda Yemekteyiz program\u0131n\u0131n d\u0131\u015f sesi olarak kariyerini s\u00fcrd\u00fcrd\u00fc. Show TV ve Fox TV\u2018de yay\u0131nlanan \u201cYemekteyiz\u201d televizyon program\u0131n\u0131 seslendiren Tarkan Ko\u00e7, bu g\u00f6revin ard\u0131ndan Yemekteyiz d\u0131\u015f ses olarak tan\u0131nmaya ba\u015flad\u0131.\u00a0<\/span><\/p>\n<p><span style=\"font-weight: 400;\">Sesiyle bir\u00e7ok film ve dizinin T\u00fcrk\u00e7e dublaj\u0131nda yer alan Ko\u00e7\u2019un as\u0131l mesle\u011fi oyunculuk. Ancak \u00fcnl\u00fc seslendirme sanat\u00e7\u0131s\u0131 oyunculuktan \u00e7ok seslendirme \u00e7al\u0131\u015fmalar\u0131 ile \u00f6ne \u00e7\u0131k\u0131yor. <\/span><strong>Tarkan Ko\u00e7 mesle\u011fi<\/strong><span style=\"font-weight: 400;\"><strong> ile seslendirme sanat\u0131n\u0131 birle\u015ftirerek ortaya renkli i\u015fler \u00e7\u0131kar\u0131yor<\/strong>. <strong>Yemekteyiz program\u0131n\u0131n d\u0131\u015f sesi olarak an\u0131lan Tarkan Ko\u00e7\u2019<\/strong>un aile hayat\u0131 da merak edilenler aras\u0131nda yer al\u0131yor. \u00dcnl\u00fc dublaj ve seslendirme sanat\u00e7\u0131s\u0131 Tarkan Ko\u00e7\u2019un evli oldu\u011fu biliniyor.\u00a0<\/span><\/p>\n<h2><span style=\"font-weight: 400;\">Seslendirme Sanat\u00e7\u0131s\u0131 ve Oyuncu Olarak Tarkan Ko\u00e7 Kimdir?<\/span><\/h2>\n<p><strong>Tarkan Ko\u00e7 seslendirdi\u011fi filmler <\/strong><span style=\"font-weight: 400;\"><strong>ve dizilerle ak\u0131llardaki yerini alm\u0131\u015f en iyi seslendirme sanat\u00e7\u0131lar\u0131ndan biridir.<\/strong> Son d\u00f6nemlerde Tarkan Ko\u00e7 d\u0131\u015f ses olarak bilinse de, bir\u00e7ok filmin T\u00fcrk\u00e7e seslendirmesinde aranan bir dublaj sanat\u00e7\u0131s\u0131d\u0131r. Sanat hayat\u0131na tiyatro oyunculu\u011fu ile ba\u015flayan Ko\u00e7, T\u00fcrk\u00e7e dublaj ve seslendirme \u00e7al\u0131\u015fmalar\u0131yla \u00fcnl\u00fcd\u00fcr.\u00a0<\/span><\/p>\n<p><strong>Yemekteyiz program\u0131 ile kitlelerin dikkatini \u00e7eken Tarkan Ko\u00e7 d\u0131\u015f ses<\/strong><span style=\"font-weight: 400;\"><strong> \u00f6\u011frencilik y\u0131llar\u0131nda devlet tiyatrolar\u0131nda k\u00fc\u00e7\u00fck roller \u00fcstlenerek kariyerini \u015fekillendirir.<\/strong> <\/span><\/p>\n<ul>\n<li><span style=\"font-weight: 400;\">Bir\u00e7ok oyun ve m\u00fczikalde sahne alan <strong>Tarkan Ko\u00e7\u2019un unutulmaz oyunlar\u0131n\u0131n ba\u015f\u0131nda Yabanc\u0131 (Albert Camus), Budala ve Macbeth<\/strong> vard\u0131r. <\/span><\/li>\n<li><span style=\"font-weight: 400;\">\u00dcnl\u00fc seslendirme sanat\u00e7\u0131s\u0131n\u0131n rol ald\u0131\u011f\u0131 di\u011fer \u00e7al\u0131\u015fmalar; <strong>Ya\u015far Ne Ya\u015far Ne Ya\u015famaz, Abd\u00fclcambaz, Muamma ve Bir \u0130stanbul Masal\u0131 tiyatro oyunlar\u0131d\u0131r.<\/strong> <\/span><\/li>\n<li><span style=\"font-weight: 400;\">Tarkan Ko\u00e7\u2019un en son kat\u0131ld\u0131\u011f\u0131 tiyatro oyunu ise <strong>G\u00fcld\u00fcren \u015e\u00fcphe\u2019dir.\u00a0<\/strong><\/span><\/li>\n<\/ul>\n<p><iframe loading=\"lazy\" title=\"TARKAN KO\u00c7 | SESLEND\u0130RME SANAT\u00c7ISI | REKLAM DEMO\" width=\"1140\" height=\"641\" src=\"https:\/\/www.youtube.com\/embed\/ASIbXZ6ImSw?feature=oembed\" frameborder=\"0\" allow=\"accelerometer; autoplay; clipboard-write; encrypted-media; gyroscope; picture-in-picture; web-share\" allowfullscreen><\/iframe><\/p>\n<p><span style=\"font-weight: 400;\">\u00dcnl\u00fc d\u0131\u015f ses Tarkan Ko\u00e7 ayn\u0131 zamanda \u00e7izgi film, dizi ve filmlerde T\u00fcrk\u00e7e seslendirme yapmay\u0131 s\u00fcrd\u00fcr\u00fcyor. \u0130\u015fte Yemekteyiz\u2019in d\u0131\u015f sesi Tarkan Ko\u00e7\u2019un yer ald\u0131\u011f\u0131 yap\u0131mlar en \u00f6nemli yap\u0131mlar ve\u00a0 rolleri;\u00a0<\/span><\/p>\n<p><b>Bakugan- Drago : <\/b><span style=\"font-weight: 400;\">Japon anime televizyon dizisi Bakugan, \u00e7ocuklar\u0131n ilgisini \u00e7eken uzun soluklu bir macera sunuyor. Bu anime dizisinin T\u00fcrk\u00e7e dublaj\u0131nda ise Tarkan Ko\u00e7, Drago karakterini seslendiriyor.\u00a0<\/span><\/p>\n<p><b>Caillou- B\u00fcy\u00fckbaba:<\/b><span style=\"font-weight: 400;\"> Caillou \u00e7izgi film serisinde 4 ya\u015f\u0131ndaki bir \u00e7ocu\u011fun insanlarla olan ili\u015fkisi anlat\u0131l\u0131yor. Bu serinin T\u00fcrk\u00e7e seslendirmesinde ise Tarkan Ko\u00e7, Caillou\u2019nun b\u00fcy\u00fck babas\u0131 olarak kar\u015f\u0131m\u0131za \u00e7\u0131k\u0131yor.\u00a0<\/span><\/p>\n<p><b>Beyaz \u015e\u00f6valye- White Knight: <\/b><span style=\"font-weight: 400;\">Bir aksiyon \u00e7izgi film dizisi olan Beyaz \u015e\u00f6valye\u2019de Tarkan Ko\u00e7, White Knight karakterine ses veriyor.\u00a0<\/span><\/p>\n<p><b>300 Spartal\u0131 &#8211; Leonidas:<\/b><span style=\"font-weight: 400;\"> Sparta kral\u0131n\u0131n m\u00fccadelesini izleyici ile bulu\u015fturan 300 Spartal\u0131 filminde Tarkan Ko\u00e7, Kral Leonidas\u2019\u0131 seslendiriyor.\u00a0<\/span><\/p>\n<h2>Tarkan Ko\u00e7 \u0130leti\u015fim<\/h2>\n<p><span style=\"font-weight: 400;\">BiberSA b\u00fcnyesinde farkl\u0131 projelerde yer alan Tarkan Ko\u00e7&#8217;aait demo \u00e7al\u0131\u015fmalar\u0131n\u0131 g\u00f6rmek i\u00e7in<\/span><a href=\"https:\/\/bibersa.com\/ar\/\"> <span style=\"font-weight: 400;\">BiberSA Prod\u00fcksiyon web sitemizi<\/span><\/a><span style=\"font-weight: 400;\"> veya<\/span><a href=\"https:\/\/www.youtube.com\/@bibersa\" target=\"_blank\" rel=\"noopener\"> <span style=\"font-weight: 400;\">BiberSA Youtube<\/span><\/a><span style=\"font-weight: 400;\"> kanal\u0131n\u0131 ziyaret edebilirsiniz.<\/span><\/p>\n<p><span style=\"font-weight: 400;\">\u00dcnl\u00fc seslendirme sanat\u00e7\u0131s\u0131 Tarkan Ko\u00e7 ileti\u015fim kurmak ve demo \u00e7al\u0131\u015fmalar\u0131na ula\u015fmak i\u00e7in a\u015fa\u011f\u0131daki butona t\u0131klayarak bizimle ileti\u015fime ge\u00e7ebilirsiniz.\u00a0<\/span><\/p>\n\r\n\t\t<\/div>\r\n\t<\/div>\r\n<\/div><\/div><\/div><div class=\"vc_row wpb_row row top-row vc_custom_1668025623464\"><div class=\"vc_column_container col-md-12\"><div class=\"wpb_wrapper vc_column-inner\"><div class=\"vc_btn3-container vc_btn3-center vc_custom_1673026462835 vc_do_btn\" >\r\n\t<a class=\"vc_btn3 vc_btn3-shape-round vc_btn3-block wpb_custom_6687b26f39488ddbb85ddb3c1ce8e111 vc_btn3-icon-left btn btn-borders btn-xl btn-success\" href=\"https:\/\/bibersa.com\/ar\/\u0627\u062a\u0635\u0627\u0644\/\" title=\"\u0130leti\u015fim\"><i class=\"vc_btn3-icon vc-material vc-material-phone_in_talk\"><\/i> B\u0130Z\u0130MLE \u0130LET\u0130\u015e\u0130ME GE\u00c7\u0130N<\/a>\t<\/div>\r\n<\/div><\/div><\/div>\n<\/div>","protected":false},"excerpt":{"rendered":"Tarkan Ko\u00e7 seslendirme alan\u0131ndaki ba\u015far\u0131s\u0131 ve oyunculu\u011fu ile farkl\u0131 kanallarda d\u0131\u015f ses olarak kar\u015f\u0131m\u0131za \u00e7\u0131kmaya devam ediyor. Peki, Yemekteyiz program\u0131n\u0131n d\u0131\u015f sesi Tarkan Ko\u00e7 kimdir? Bu yaz\u0131m\u0131zda \u00fcnl\u00fc d\u0131\u015f sesin hayat\u0131na ve sanat ya\u015fam\u0131na yer verece\u011fiz.\u00a0 Yemekteyiz yar\u0131\u015fmas\u0131n\u0131n g\u00f6r\u00fcnmeyen y\u00fcz\u00fc olarak bilinen Tarkan Ko\u00e7, uzun y\u0131llard\u0131r televizyon programlar\u0131na sesiyle hayat veriyor. \u00d6\u011fretim g\u00f6revlisi kimli\u011fi bulunan [...]","protected":false},"author":23,"featured_media":22560,"comment_status":"closed","ping_status":"closed","sticky":false,"template":"","format":"standard","meta":{"footnotes":""},"categories":[1],"tags":[],"class_list":["post-22556","post","type-post","status-publish","format-standard","has-post-thumbnail","hentry","category-blog"],"featured_image_src":{"landsacpe":["https:\/\/bibersa.com\/wp-content\/uploads\/2023\/01\/tarkan-koc-kimdir-1140x445.jpg",1140,445,true],"list":["https:\/\/bibersa.com\/wp-content\/uploads\/2023\/01\/tarkan-koc-kimdir-463x348.jpg",463,348,true],"medium":["https:\/\/bibersa.com\/wp-content\/uploads\/2023\/01\/tarkan-koc-kimdir-300x151.jpg",300,151,true],"full":["https:\/\/bibersa.com\/wp-content\/uploads\/2023\/01\/tarkan-koc-kimdir.jpg",1216,612,false]},"_links":{"self":[{"href":"https:\/\/bibersa.com\/ar\/wp-json\/wp\/v2\/posts\/22556","targetHints":{"allow":["GET"]}}],"collection":[{"href":"https:\/\/bibersa.com\/ar\/wp-json\/wp\/v2\/posts"}],"about":[{"href":"https:\/\/bibersa.com\/ar\/wp-json\/wp\/v2\/types\/post"}],"author":[{"embeddable":true,"href":"https:\/\/bibersa.com\/ar\/wp-json\/wp\/v2\/users\/23"}],"replies":[{"embeddable":true,"href":"https:\/\/bibersa.com\/ar\/wp-json\/wp\/v2\/comments?post=22556"}],"version-history":[{"count":0,"href":"https:\/\/bibersa.com\/ar\/wp-json\/wp\/v2\/posts\/22556\/revisions"}],"wp:featuredmedia":[{"embeddable":true,"href":"https:\/\/bibersa.com\/ar\/wp-json\/wp\/v2\/media\/22560"}],"wp:attachment":[{"href":"https:\/\/bibersa.com\/ar\/wp-json\/wp\/v2\/media?parent=22556"}],"wp:term":[{"taxonomy":"category","embeddable":true,"href":"https:\/\/bibersa.com\/ar\/wp-json\/wp\/v2\/categories?post=22556"},{"taxonomy":"post_tag","embeddable":true,"href":"https:\/\/bibersa.com\/ar\/wp-json\/wp\/v2\/tags?post=22556"}],"curies":[{"name":"wp","href":"https:\/\/api.w.org\/{rel}","templated":true}]}}