{"id":22722,"date":"2023-01-19T19:00:06","date_gmt":"2023-01-19T16:00:06","guid":{"rendered":"https:\/\/bibersa.com\/?p=22722"},"modified":"2023-01-18T17:56:56","modified_gmt":"2023-01-18T14:56:56","slug":"cahit-saher-kimdir","status":"publish","type":"post","link":"https:\/\/bibersa.com\/ar\/%d9%85%d9%82%d8%a7%d9%84%d8%a7%d8%aa\/%d9%85%d9%86-%d9%87%d9%88-%d8%ac%d8%a7%d9%87%d8%af-%d8%b4%d8%a7%d9%87%d8%b1\/","title":{"rendered":"Cahit \u015eaher Kimdir?"},"content":{"rendered":"<div class=\"wpb-content-wrapper\"><div class=\"vc_row wpb_row row top-row\"><div class=\"vc_column_container col-md-12\"><div class=\"wpb_wrapper vc_column-inner\">\r\n\t<div class=\"wpb_text_column wpb_content_element wpb_custom_7c91d232724f73626cc933bd95b25ff0\" >\r\n\t\t<div class=\"wpb_wrapper\">\r\n\t\t\t<p><strong>Bug\u00fcne kadar bir\u00e7ok \u00fcr\u00fcn\u00fcn tan\u0131t\u0131m\u0131nda ve reklam\u0131nda sesini duydu\u011fumuz Cahit \u015eaher kimdir?\u00a0 <\/strong><span style=\"font-weight: 400;\">Ankara Devlet Konservatuar\u0131 Opera B\u00f6l\u00fcm\u00fc Mezunu olan Cahit \u015eaher, uzun y\u0131llard\u0131r T\u00fcrk televizyonlar\u0131nda ve di\u011fer medya kanallar\u0131nda yer alm\u0131\u015f bir isim. Opera alan\u0131ndaki e\u011fitim ve \u00e7al\u0131\u015fmalar\u0131 ile \u00f6ne \u00e7\u0131kan \u015eaher, bug\u00fcne kadar pek \u00e7ok projede g\u00f6rev alm\u0131\u015ft\u0131r. <\/span><\/p>\n<p><span style=\"font-weight: 400;\">1970 y\u0131l\u0131ndan y\u0131l\u0131ndan itibaren TRT ekranlar\u0131nda g\u00f6rd\u00fc\u011f\u00fcm\u00fcz Cahet \u015eaher ayn\u0131 zamanda kariyerinde iyi bir oyuncu olarak ilerlemi\u015ftir. <strong>TRT ekranlar\u0131nda g\u00f6rmeye al\u0131\u015f\u0131k oldu\u011fumuz <\/strong><\/span><strong>Cahit \u015eaher<\/strong><span style=\"font-weight: 400;\"><strong> kariyer ya\u015fam\u0131 boyunca pek \u00e7ok projede oyunculu\u011fu ve seslendirmen kimli\u011fi ile g\u00f6rev alm\u0131\u015ft\u0131r.<\/strong> T\u00fcrkiye\u2019nin \u00f6ne \u00e7\u0131kan kamu kurulu\u015flar\u0131n\u0131n ve markalar\u0131n\u0131n reklam y\u00fcz\u00fc olan Cahit \u015eaher\u2019i sesi ve g\u00f6r\u00fcnt\u00fcs\u00fcyle bir\u00e7ok projeye hayat vermi\u015ftir.\u00a0<\/span><\/p>\n<p><span style=\"font-weight: 400;\">\u00dcnl\u00fc oyuncu ve seslendirme sanat\u00e7\u0131s\u0131 Cahit \u015eaher, \u00f6zel televizyon kanallar\u0131n\u0131n T\u00fcrkiye\u2019de faaliyet g\u00f6stermesiyle birlikte pek \u00e7ok film, dizi ve programda yer alm\u0131\u015ft\u0131r. Seslendirme sanat\u0131n\u0131n aranan isimlerinden biri olan \u015eaher, bu kanallarda daha \u00e7ok seslendirme sanat\u00e7\u0131s\u0131 kimli\u011fi ile \u00f6ne \u00e7\u0131km\u0131\u015ft\u0131r. \u00d6zel kanallarda program sunuculu\u011fu yapan \u015eaher ayn\u0131 zamanda haber kanallar\u0131 arac\u0131l\u0131\u011f\u0131 ile izleyici kar\u015f\u0131s\u0131na \u00e7\u0131km\u0131\u015ft\u0131r.\u00a0<\/span><\/p>\n<h2><span style=\"font-weight: 400;\">Cahit \u015eaher Hayat\u0131: Cahit \u015eaher Kimdir?<\/span><\/h2>\n<p><span style=\"font-weight: 400;\">\u00dcnl\u00fc oyuncu ve dublaj sanat\u00e7\u0131s\u0131 Cahit \u015eaher, 6 Eyl\u00fcl 1950 y\u0131l\u0131nda Ankara\u2019da d\u00fcnyaya gelmi\u015ftir. <\/span><strong>Cahit \u015eaher ka\u00e7 ya\u015f\u0131nda<\/strong><span style=\"font-weight: 400;\"><strong> sorusu \u00fcnl\u00fc oyuncunun sevenleri taraf\u0131ndan en \u00e7ok merak edilen konular\u0131n ba\u015f\u0131nda yer al\u0131r. Hayat\u0131n\u0131n b\u00fcy\u00fck bir b\u00f6l\u00fcm\u00fcn\u00fc Ankara\u2019da ge\u00e7iren \u015eaher, \u015fimdilerde 72 ya\u015f\u0131ndad\u0131r<\/strong>. <\/span><\/p>\n<p><strong>Cahit \u015eaher nereli <\/strong><span style=\"font-weight: 400;\"><strong>sorusunun yan\u0131t\u0131n\u0131 arayanlar i\u00e7in ise \u00fcnl\u00fc oyuncunun Ankaral\u0131 oldu\u011funu s\u00f6yleyebiliriz.<\/strong> \u0130lerleyen ya\u015f\u0131na ra\u011fmen sanat ya\u015fam\u0131na devam eden Cahit \u015eaher, halen pek \u00e7ok projede \u00f6n s\u0131ralarda yer almaya devam etmektedir. Seslendirme \u00e7al\u0131\u015fmalar\u0131n\u0131n \u00f6ne \u00e7\u0131kan isimleri aras\u0131nda yer alan \u015eaher\u2019in Can isimli bir o\u011flu vard\u0131r. Babas\u0131n\u0131n izinden devam eden \u015eaher\u2019in o\u011flu da onun gibi seslendirme sanat\u00e7\u0131s\u0131d\u0131r.\u00a0<\/span><\/p>\n<p><span style=\"font-weight: 400;\"><img loading=\"lazy\" decoding=\"async\" class=\"alignnone wp-image-22373 size-large\" src=\"https:\/\/bibersa.com\/wp-content\/uploads\/2022\/12\/cahit-saher-1-1024x394.png\" alt=\"cahit \u015faher kimdir\" width=\"1024\" height=\"394\" title=\"\" srcset=\"https:\/\/bibersa.com\/wp-content\/uploads\/2022\/12\/cahit-saher-1-1024x394.png 1024w, https:\/\/bibersa.com\/wp-content\/uploads\/2022\/12\/cahit-saher-1-768x296.png 768w, https:\/\/bibersa.com\/wp-content\/uploads\/2022\/12\/cahit-saher-1-640x246.png 640w, https:\/\/bibersa.com\/wp-content\/uploads\/2022\/12\/cahit-saher-1-400x154.png 400w\" sizes=\"auto, (max-width: 1024px) 100vw, 1024px\" \/><\/span><\/p>\n<p><span style=\"font-weight: 400;\">Seslendirme sanat\u00e7\u0131s\u0131 ve oyuncu olarak tan\u0131nan Cahit \u015eaher, lise e\u011fitimini bitirdikten sonra Ankara Devlet Konservatuvar\u0131 Opera B\u00f6l\u00fcm\u00fc\u2019n\u00fc kazanm\u0131\u015ft\u0131r. E\u011fitim hayat\u0131n\u0131 ba\u015far\u0131yla s\u00fcrd\u00fcren \u015eaher, 1973 y\u0131l\u0131nda opera y\u00fcksek b\u00f6l\u00fcm\u00fcnden mezun olmu\u015ftur. K\u0131sa s\u00fcrede Ankara\u2019da kariyer ya\u015fam\u0131n\u0131 \u015fekillendiren Cahit \u015eaher, Ankara Devlet Operas\u0131\u2019nda solist sanat\u00e7\u0131 olarak \u00e7al\u0131\u015fmaya ba\u015flam\u0131\u015ft\u0131r. \u00dcnl\u00fc oyuncu ayn\u0131 zamanda Ankara Gazi \u00dcniversitesi ve \u0130stanbul Marmara \u00dcniversitesi\u2019nde \u00f6\u011fretim g\u00f6revlisi olarak ders vermi\u015f ve tecr\u00fcbelerini yeni nesillerle payla\u015fm\u0131\u015ft\u0131r.\u00a0<\/span><\/p>\n<h2><span style=\"font-weight: 400;\">Sanat\u00e7\u0131 Olarak : <\/span><span style=\"font-weight: 400;\">Cahit \u015eaher Kimdir?<\/span><\/h2>\n<p><span style=\"font-weight: 400;\">Kariyer hayat\u0131n\u0131n temellerini Ankara Devlet Operas\u0131\u2019nda atan \u015eaher, 1980 ve 1981 y\u0131llar\u0131 aras\u0131nda Almanya Mainz Operas\u0131\u2019nda \u00e7al\u0131\u015fmalar\u0131n\u0131 s\u00fcrd\u00fcrm\u00fc\u015ft\u00fcr. Opera alan\u0131ndaki ba\u015far\u0131s\u0131na ve \u00e7al\u0131\u015fmalar\u0131na h\u0131z kesmeden devam eden Cahit \u015eaher, 1986-1987 y\u0131llar\u0131 aras\u0131nda Avusturya Viyana Volksoper&#8217; de ihtisas yapm\u0131\u015ft\u0131r. Yurtd\u0131\u015f\u0131 \u00e7al\u0131\u015fmalar\u0131n\u0131 uzun s\u00fcre devam ettiren \u015eaher, buradaki tecr\u00fcbe e\u011fitimlerini alarak \u00fclkemize geri d\u00f6nm\u00fc\u015ft\u00fcr.\u00a0<\/span><\/p>\n<p><strong>Yurtd\u0131\u015f\u0131ndan d\u00f6nd\u00fckten sonra \u0130stanbul\u2019a yerle\u015fen Cahit \u015eaher seslendirme<\/strong><span style=\"font-weight: 400;\"><strong> sanat\u00e7\u0131l\u0131\u011f\u0131, oyunculu\u011fu ve solist kimli\u011fi ile haf\u0131zalardaki yerini alm\u0131\u015ft\u0131r.<\/strong> Burada \u0130stanbul Devlet Operas\u0131&#8217;nda solist sanat\u00e7\u0131 olarak g\u00f6rev alan Cahit \u015eaher, \u00e7ok say\u0131da eserde ba\u015f rol \u00fcstlenmi\u015f ve ba\u015far\u0131l\u0131 i\u015fler ortaya koymu\u015ftur. 1970 y\u0131l\u0131ndan y\u0131l\u0131ndan itibaren sanat ya\u015fam\u0131n\u0131 farkl\u0131 bir noktaya ta\u015f\u0131yan \u00fcnl\u00fc sanat\u00e7\u0131 radyoda ve TRT ekranlar\u0131nda g\u00f6rev almaya ba\u015flam\u0131\u015ft\u0131r. Bu ad\u0131m\u0131n ard\u0131ndan \u00f6zel televizyon kanallar\u0131n\u0131n T\u00fcrkiye&#8217;de faaliyet g\u00f6stermesiyle birlikte \u00e7e\u015fitli sanat projelerinde, reklamlarda ve dublajlarda yer alm\u0131\u015ft\u0131r.\u00a0<\/span><\/p>\n<p><span style=\"font-weight: 400;\">Cahit \u015eaher seslendirme<\/span> <span style=\"font-weight: 400;\">sanat\u0131n\u0131n usta isimlerinden biri olman\u0131n yan\u0131 s\u0131ra ayn\u0131 zamanda iyi bir oyuncudur. Bir d\u00f6nemin en \u00e7ok izlenilen aksiyon dram konulu dizisi olan Kurtlar Vadisi\u2019nin kadrosunda yer alm\u0131\u015ft\u0131r. <\/span><strong>Cahit \u015eaher Kurtlar Vadisi <\/strong><span style=\"font-weight: 400;\"><strong>dizisinde 2008- 2012 y\u0131llar\u0131 aras\u0131nda oynam\u0131\u015ft\u0131r.<\/strong> \u00dcnl\u00fc oyuncu \u015eaher Kurtlar Vadisi\u2019nde ihtiyarlar ba\u015fkan\u0131 karakterine hayat vermi\u015ftir. <strong>Ayn\u0131 zamanda \u00fcnl\u00fc oyuncu <\/strong><\/span><strong>Cahit \u015eaher Kurtlar Vadisi Pusu kadrosunda da oyuncu olarak g\u00f6rev alm\u0131\u015ft\u0131r. Burada \u015eaher, aksa\u00e7l\u0131 olarak seyirci kar\u015f\u0131s\u0131na ge\u00e7mi\u015ftir.\u00a0<\/strong><\/p>\n<h2><span style=\"font-weight: 400;\">\u00a0Seslendirme Sanat\u00e7\u0131s\u0131 Olarak <\/span><span style=\"font-weight: 400;\">Cahit \u015eaher Kimdir?<\/span><\/h2>\n<p><strong>Cahit \u015eaher seslendirme<\/strong><span style=\"font-weight: 400;\"><strong> kariyerine TRT ekranlar\u0131 ve radyosu ile ba\u015flam\u0131\u015ft\u0131r. \u00dcnl\u00fc seslendirme sanat\u00e7\u0131s\u0131 ve oyuncu \u015eaher, seslendirme alan\u0131na daha \u00e7ok reklam \u00e7al\u0131\u015fmalar\u0131 ile \u00f6ne \u00e7\u0131km\u0131\u015ft\u0131r.<\/strong> T\u00fcrkiye\u2019nin \u00f6nde gelen seslendirme sanat\u00e7\u0131lar\u0131ndan biri olan Cahit \u015eaher, kamu spotlar\u0131n\u0131n aranan seslerinden biridir. \u015eaher, \u00fclkemizin \u00f6nde gelen yiyecek ve i\u00e7ecek reklamlar\u0131nda en \u00e7ok kullan\u0131lan sesleri aras\u0131ndad\u0131r. <\/span><strong>Cahit \u015eaher dublaj ve seslendirmelerini \u015f\u00f6yle s\u0131ralayabiliriz;\u00a0<\/strong><\/p>\n<p><iframe loading=\"lazy\" title=\"YouTube video player\" src=\"https:\/\/www.youtube.com\/embed\/FOHej2UNh8o\" width=\"560\" height=\"315\" frameborder=\"0\" allowfullscreen=\"allowfullscreen\"><\/iframe><\/p>\n<ul>\n<li style=\"font-weight: 400;\" aria-level=\"1\"><span style=\"font-weight: 400;\">Mehmet\u00e7ik Vakf\u0131 Ba\u011f\u0131\u015f Kampanyas\u0131- Anlat\u0131c\u0131\u00a0<\/span><\/li>\n<li style=\"font-weight: 400;\" aria-level=\"1\"><span style=\"font-weight: 400;\">\u0130skilipli At\u0131f Hoca-\u00a0 Anlat\u0131c\u0131<\/span><\/li>\n<li style=\"font-weight: 400;\" aria-level=\"1\"><span style=\"font-weight: 400;\">Arena- Anlat\u0131c\u0131\u00a0<\/span><\/li>\n<li style=\"font-weight: 400;\" aria-level=\"1\"><span style=\"font-weight: 400;\">K\u0131z\u0131m ve Ben- Vedat Olcay\u00a0<\/span><\/li>\n<li style=\"font-weight: 400;\" aria-level=\"1\"><span style=\"font-weight: 400;\">Belki Yar\u0131n &#8211; Doktor Haluk\u00a0<\/span><\/li>\n<\/ul>\n<h2><span style=\"font-weight: 400;\">Cahit \u015eaher Kimleri Seslendirdi?<\/span><\/h2>\n<p><span style=\"font-weight: 400;\">Seslendirme ve dublaj sanat\u00e7\u0131s\u0131 Cahit \u015eaher, i\u00e7inde yer ald\u0131\u011f\u0131 projelerde daha \u00e7ok anlat\u0131c\u0131 rol\u00fcn\u00fc \u00fcstlenmi\u015ftir.<\/span> <strong>Cahit \u015eaher seslendirmeleri <\/strong><span style=\"font-weight: 400;\"><strong>denilince akla ilk gelen projelerden biri Arena program\u0131d\u0131r<\/strong>. U\u011fur D\u00fcndar\u2019\u0131n sundu\u011fu bu haber program\u0131nda Cahit \u015eaher, anlat\u0131c\u0131 olarak kar\u015f\u0131m\u0131za \u00e7\u0131km\u0131\u015ft\u0131r. Usta oyuncu ve seslendirme sanat\u00e7\u0131s\u0131 \u015eaher\u2019in \u00f6ne \u00e7\u0131kan dublaj \u00e7al\u0131\u015fmalar\u0131 reklam filmleri ve T\u00fcrk filmi seslendirmeleri olarak s\u0131ralanabilir. \u0130\u015fte \u015eaher\u2019in ses verdi\u011fi \u00fcnl\u00fc isimler:\u00a0<\/span><\/p>\n<ul>\n<li><b>Vedat Olcay <\/b><span style=\"font-weight: 400;\">: 1969 yap\u0131m\u0131 K\u0131z\u0131m ve Ben filminin kadrosunda Vedat Olcay yer al\u0131yor. Filmde yan rolde yer alan Vedat Olcay\u2019\u0131n T\u00fcrk\u00e7e seslendirmesini ise Cahit \u015eaher\u00a0<\/span><span style=\"font-weight: 400;\">\u00fcstleniyor.\u00a0<\/span><\/li>\n<li><b>Tar\u0131k Akan:<\/b><span style=\"font-weight: 400;\"> Ay\u015feg\u00fcl Aldin\u00e7 ile Tar\u0131k Akan Ya\u011fmur Ka\u00e7aklar\u0131 filminin ba\u015frollerini \u00fcstleniyor. Ya\u011fmur Ka\u00e7aklar\u0131 filminde Tar\u0131k Akan\u2019a ses veren isim ise Cahit \u015eaher.\u00a0<\/span><\/li>\n<li><b>Haluk Kurto\u011flu:\u00a0 <\/b><span style=\"font-weight: 400;\">Belki Yar\u0131n filminde Hakan Ural ve Sevtap Parman gibi \u00fcnl\u00fc isimler ba\u015frolleri payla\u015f\u0131yor. Cahit \u015eaher, Belki Yar\u0131n filminde doktor karakterini canland\u0131ran Haluk Kurto\u011flu\u2019nu seslendiriyor.\u00a0<\/span><\/li>\n<\/ul>\n<h2><span style=\"font-weight: 400;\">Cahit \u015eaher \u0130leti\u015fim<\/span><\/h2>\n<p><span style=\"font-weight: 400;\">Seslendirme ve dublaj sanat\u0131n\u0131n usta isimlerinden biri olan Cahit \u015eaher halen pek \u00e7ok reklam projesinde aktif olarak yer almaya devam ediyor. Reklam filmlerinin aranan sesi olan \u015eaher, BiberSA Prod\u00fcksiyon b\u00fcnyesinde bir\u00e7ok markan\u0131n sesi olmay\u0131 s\u00fcrd\u00fcr\u00fcyor. Usta oyuncu ve dublaj sanat\u00e7\u0131s\u0131 \u015eaher, BiberSA BiberSA Prod\u00fcksiyon i\u00e7in mikrofon ba\u015f\u0131na ge\u00e7erek markalar\u0131n sesi oluyor.\u00a0<\/span><\/p>\n<p><iframe loading=\"lazy\" title=\"YouTube video player\" src=\"https:\/\/www.youtube.com\/embed\/s6TcuGTkHAA\" width=\"560\" height=\"315\" frameborder=\"0\" allowfullscreen=\"allowfullscreen\"><\/iframe><\/p>\n<p><span style=\"font-weight: 400;\">Cahit \u015eaher\u2019e ait demo \u00e7al\u0131\u015fmalar\u0131n\u0131 g\u00f6rmek i\u00e7in<\/span><a href=\"https:\/\/bibersa.com\/ar\/\"> <span style=\"font-weight: 400;\">BiberSA Prod\u00fcksiyon web sitemizi<\/span><\/a><span style=\"font-weight: 400;\"> veya<\/span><a href=\"https:\/\/www.youtube.com\/@bibersa\" target=\"_blank\" rel=\"noopener\"><span style=\"font-weight: 400;\"> BiberSA Youtube<\/span><\/a><span style=\"font-weight: 400;\"> kanal\u0131n\u0131 ziyaret edebilirsiniz.<\/span><\/p>\n<p><span style=\"font-weight: 400;\">Seslendirme sanat\u0131n\u0131n \u00f6ne \u00e7\u0131kan isimlerinden biri olan Cahit \u015eaher ileti\u015fim kurmak ve demo \u00e7al\u0131\u015fmalar\u0131na ula\u015fmak i\u00e7in a\u015fa\u011f\u0131daki butona t\u0131klayarak bizimle ileti\u015fime ge\u00e7ebilirsiniz.<\/span><\/p>\n\r\n\t\t<\/div>\r\n\t<\/div>\r\n<\/div><\/div><\/div><div class=\"vc_row wpb_row row top-row vc_custom_1668025623464\"><div class=\"vc_column_container col-md-12\"><div class=\"wpb_wrapper vc_column-inner\"><div class=\"vc_btn3-container vc_btn3-center vc_custom_1674052919532 vc_do_btn\" >\r\n\t<a class=\"vc_btn3 vc_btn3-shape-round vc_btn3-block wpb_custom_6687b26f39488ddbb85ddb3c1ce8e111 vc_btn3-icon-left btn btn-borders btn-xl btn-success\" href=\"https:\/\/bibersa.com\/ar\/\u0627\u062a\u0635\u0627\u0644\/\" title=\"\u0130leti\u015fim\"><i class=\"vc_btn3-icon vc-material vc-material-phone_in_talk\"><\/i> B\u0130Z\u0130MLE \u0130LET\u0130\u015e\u0130ME GE\u00c7\u0130N<\/a>\t<\/div>\r\n<\/div><\/div><\/div>\n<\/div>","protected":false},"excerpt":{"rendered":"Bug\u00fcne kadar bir\u00e7ok \u00fcr\u00fcn\u00fcn tan\u0131t\u0131m\u0131nda ve reklam\u0131nda sesini duydu\u011fumuz Cahit \u015eaher kimdir?\u00a0 Ankara Devlet Konservatuar\u0131 Opera B\u00f6l\u00fcm\u00fc Mezunu olan Cahit \u015eaher, uzun y\u0131llard\u0131r T\u00fcrk televizyonlar\u0131nda ve di\u011fer medya kanallar\u0131nda yer alm\u0131\u015f bir isim. Opera alan\u0131ndaki e\u011fitim ve \u00e7al\u0131\u015fmalar\u0131 ile \u00f6ne \u00e7\u0131kan \u015eaher, bug\u00fcne kadar pek \u00e7ok projede g\u00f6rev alm\u0131\u015ft\u0131r. 1970 y\u0131l\u0131ndan y\u0131l\u0131ndan itibaren TRT ekranlar\u0131nda [...]","protected":false},"author":23,"featured_media":22733,"comment_status":"closed","ping_status":"closed","sticky":false,"template":"","format":"standard","meta":{"footnotes":""},"categories":[1],"tags":[],"class_list":["post-22722","post","type-post","status-publish","format-standard","has-post-thumbnail","hentry","category-blog"],"featured_image_src":{"landsacpe":["https:\/\/bibersa.com\/wp-content\/uploads\/2023\/01\/cahit-saher-kimdir-1140x445.jpg",1140,445,true],"list":["https:\/\/bibersa.com\/wp-content\/uploads\/2023\/01\/cahit-saher-kimdir-463x348.jpg",463,348,true],"medium":["https:\/\/bibersa.com\/wp-content\/uploads\/2023\/01\/cahit-saher-kimdir-300x154.jpg",300,154,true],"full":["https:\/\/bibersa.com\/wp-content\/uploads\/2023\/01\/cahit-saher-kimdir.jpg",1206,618,false]},"_links":{"self":[{"href":"https:\/\/bibersa.com\/ar\/wp-json\/wp\/v2\/posts\/22722","targetHints":{"allow":["GET"]}}],"collection":[{"href":"https:\/\/bibersa.com\/ar\/wp-json\/wp\/v2\/posts"}],"about":[{"href":"https:\/\/bibersa.com\/ar\/wp-json\/wp\/v2\/types\/post"}],"author":[{"embeddable":true,"href":"https:\/\/bibersa.com\/ar\/wp-json\/wp\/v2\/users\/23"}],"replies":[{"embeddable":true,"href":"https:\/\/bibersa.com\/ar\/wp-json\/wp\/v2\/comments?post=22722"}],"version-history":[{"count":0,"href":"https:\/\/bibersa.com\/ar\/wp-json\/wp\/v2\/posts\/22722\/revisions"}],"wp:featuredmedia":[{"embeddable":true,"href":"https:\/\/bibersa.com\/ar\/wp-json\/wp\/v2\/media\/22733"}],"wp:attachment":[{"href":"https:\/\/bibersa.com\/ar\/wp-json\/wp\/v2\/media?parent=22722"}],"wp:term":[{"taxonomy":"category","embeddable":true,"href":"https:\/\/bibersa.com\/ar\/wp-json\/wp\/v2\/categories?post=22722"},{"taxonomy":"post_tag","embeddable":true,"href":"https:\/\/bibersa.com\/ar\/wp-json\/wp\/v2\/tags?post=22722"}],"curies":[{"name":"wp","href":"https:\/\/api.w.org\/{rel}","templated":true}]}}