{"id":9745,"date":"2022-11-01T10:55:06","date_gmt":"2022-11-01T07:55:06","guid":{"rendered":"https:\/\/bibersa.com\/?p=9745"},"modified":"2023-04-05T12:04:52","modified_gmt":"2023-04-05T09:04:52","slug":"ses-rengi-ve-ses-tonu-nedir","status":"publish","type":"post","link":"https:\/\/bibersa.com\/ar\/%d9%85%d9%82%d8%a7%d9%84%d8%a7%d8%aa\/%d9%85%d8%a7-%d9%87%d9%8a-%d9%86%d8%a8%d8%b1%d8%a9-%d9%88%d9%86%d8%a8%d8%b1%d8%a9-%d8%a7%d9%84%d8%b5%d9%88%d8%aa%d8%9f\/","title":{"rendered":"Seslendirmede Ses Rengi ve Ses Tonu Nedir?"},"content":{"rendered":"<div class=\"wpb-content-wrapper\"><div class=\"vc_row wpb_row row top-row\"><div class=\"vc_column_container col-md-12\"><div class=\"wpb_wrapper vc_column-inner\">\r\n\t<div class=\"wpb_text_column wpb_content_element wpb_custom_7c91d232724f73626cc933bd95b25ff0\" >\r\n\t\t<div class=\"wpb_wrapper\">\r\n\t\t\t<p>Seslendirmede ses rengi, ya da bir di\u011fer ad\u0131 ile ses tonu, olduk\u00e7a \u00f6nemli bir detayd\u0131r. Ses \u00e7e\u015fitlerini birbirinden ay\u0131rmak i\u00e7in kullan\u0131lan ses rengi terimi, bir \u00e7alg\u0131 aletinin veya insan sesinin ona has olan frekans\u0131, notas\u0131 ve \u015fiddeti aras\u0131ndaki farklar\u0131 tan\u0131mlamak i\u00e7in kullan\u0131lan bir niteliktir. \u00d6zellikle seslendirme ve dublaj alan\u0131nda olduk\u00e7a s\u0131kl\u0131kla kullan\u0131lan bu terim, ses olu\u015fumunu bilmemizi gerekmektedir. Peki, ses nas\u0131l olu\u015fur?<\/p>\n<p>Konu\u015furken ald\u0131\u011f\u0131m\u0131z hava, ci\u011ferlerimizden yukar\u0131 \u00e7\u0131karken ses tellerinin titre\u015ftirmesine neden olur. Titre\u015fen ses tellerimiz, ses dalgalar\u0131n\u0131 olu\u015fturur. Olu\u015fan ses dalgalar\u0131 ise kulak zar\u0131m\u0131za \u00e7arparak orta kulakta bulunan \u00fc\u00e7 kemik\u00e7i\u011fi titre\u015ftir. Olu\u015fan bu titre\u015fimler ise i\u00e7 kulak s\u0131v\u0131s\u0131n\u0131 hareket ederek t\u00fcyl\u00fc h\u00fccrelerin ses dalgalar\u0131n\u0131 i\u015fitme sinirine ula\u015ft\u0131rmas\u0131n\u0131 sa\u011flar. Daha sonras\u0131nda i\u015fitme siniri, t\u00fcyl\u00fc h\u00fccrelerden ald\u0131\u011f\u0131 kimyasal sinyalleri elektrik darbeleri ile beyne g\u00f6ndererek sesin alg\u0131lanmas\u0131n\u0131 sa\u011flar.<\/p>\n<p>Ses rengi i\u00e7in \u00f6ncelikli olarak bilinmesi gereken ses olu\u015fumu a\u015famalar\u0131n\u0131 genel hatlar\u0131yla anlatt\u0131ktan sonra i\u00e7eri\u011fimizin devam\u0131nda ses tonlar\u0131 ile ilgili bilmeniz gereken t\u00fcm bilgiler yer al\u0131yor. Keyifli okumalar dileriz!<\/p>\n<figure id=\"attachment_21874\" aria-describedby=\"caption-attachment-21874\" style=\"width: 2560px\" class=\"wp-caption alignnone\"><img loading=\"lazy\" decoding=\"async\" class=\"wp-image-21874 size-full\" src=\"https:\/\/bibersa.com\/wp-content\/uploads\/2022\/11\/ses-rengi-ve-ses-tonu-bibersa-scaled.jpg\" alt=\"\" width=\"2560\" height=\"1707\" title=\"\" srcset=\"https:\/\/bibersa.com\/wp-content\/uploads\/2022\/11\/ses-rengi-ve-ses-tonu-bibersa-scaled.jpg 2560w, https:\/\/bibersa.com\/wp-content\/uploads\/2022\/11\/ses-rengi-ve-ses-tonu-bibersa-1024x683.jpg 1024w, https:\/\/bibersa.com\/wp-content\/uploads\/2022\/11\/ses-rengi-ve-ses-tonu-bibersa-768x512.jpg 768w, https:\/\/bibersa.com\/wp-content\/uploads\/2022\/11\/ses-rengi-ve-ses-tonu-bibersa-1536x1024.jpg 1536w, https:\/\/bibersa.com\/wp-content\/uploads\/2022\/11\/ses-rengi-ve-ses-tonu-bibersa-2048x1365.jpg 2048w, https:\/\/bibersa.com\/wp-content\/uploads\/2022\/11\/ses-rengi-ve-ses-tonu-bibersa-640x427.jpg 640w, https:\/\/bibersa.com\/wp-content\/uploads\/2022\/11\/ses-rengi-ve-ses-tonu-bibersa-400x267.jpg 400w\" sizes=\"auto, (max-width: 2560px) 100vw, 2560px\" \/><figcaption id=\"caption-attachment-21874\" class=\"wp-caption-text\">Ses Rengi ve Ses Tonlar\u0131 | BiberSA Prod\u00fcksiyon<\/figcaption><\/figure>\n<h2>Ses Renkleri ya da Ses Tonlar\u0131 Nelerdir?<\/h2>\n<p>Az \u00f6nce de belirtti\u011fimiz \u00fczere her insan\u0131n ses rengi kendine hast\u0131r. Yani, ki\u015fiye \u00f6zel olan ses tonu, her insanda farkl\u0131 bir ses t\u0131n\u0131s\u0131n\u0131n ortaya \u00e7\u0131kmas\u0131na neden olur. Bu y\u00fczden farkl\u0131 ses tonlar\u0131 bulunmaktad\u0131r.<\/p>\n<p>Seslendirme alan\u0131nda kal\u0131n olan ses tonlar\u0131na pes denilirken ince ses tonlar\u0131na ise tiz denilmektedir. Fakat bu ses tonlar\u0131 kad\u0131nlarda ve erkeklerde farkl\u0131 ses renklerine ayr\u0131lmaktad\u0131r. Ses e\u011fitimi ve opera literat\u00fcr\u00fcnde kad\u0131n ve erkek ses tonlar\u0131 olduk\u00e7a detayl\u0131 bir \u015fekilde ayr\u0131l\u0131yor olsa da bilmemiz gereken ba\u015fl\u0131ca kad\u0131n ve erkek ses tonlar\u0131 \u015fu \u015fekildedir:<\/p>\n<h3>Kad\u0131n Ses Tonlar\u0131 Nelerdir?<\/h3>\n<ul>\n<li><strong>Soprano:<\/strong> En tiz register, yani ses tellerinin en ince \u015fekilde hareket ettiren kad\u0131n ses tonudur.<\/li>\n<li><strong>Mezzo Soprano:<\/strong> Soprano ile kar\u015f\u0131la\u015ft\u0131r\u0131ld\u0131\u011f\u0131 zaman daha kal\u0131n fakat alto ile kar\u015f\u0131la\u015ft\u0131r\u0131ld\u0131\u011f\u0131nda daha ince bir ses tonudur. K\u0131sacas\u0131, orta renkli bir kad\u0131n ses tonudur.<\/li>\n<li><strong>Alto:<\/strong> Kad\u0131nlarda en kal\u0131n ses tonudur. Bu ses renginde sanat\u00e7\u0131 pesleri t\u0131n\u0131lamaktad\u0131r.<\/li>\n<\/ul>\n<h3>Erkek Ses Tonlar\u0131 Nelerdir?<\/h3>\n<ul>\n<li><strong>Tenor:<\/strong> En tiz notada seyreden erkek ses tonudur.<\/li>\n<li><strong>Bariton:<\/strong> Yunanca\u2019da anlam\u0131 derin veya a\u011f\u0131r anlam\u0131na gelen bariton orta kal\u0131nl\u0131\u011fa sahip erkek ses tonudur.<\/li>\n<li><strong>Bas:<\/strong> Erkeklerde pes olarak adland\u0131r\u0131lan en kal\u0131n ses tonudur.<\/li>\n<\/ul>\n<figure id=\"attachment_21875\" aria-describedby=\"caption-attachment-21875\" style=\"width: 2560px\" class=\"wp-caption alignnone\"><img loading=\"lazy\" decoding=\"async\" class=\"wp-image-21875 size-full\" src=\"https:\/\/bibersa.com\/wp-content\/uploads\/2022\/11\/ses-rengi-ve-ses-tonu-seslendirme-scaled.jpg\" alt=\"\" width=\"2560\" height=\"1280\" title=\"\" srcset=\"https:\/\/bibersa.com\/wp-content\/uploads\/2022\/11\/ses-rengi-ve-ses-tonu-seslendirme-scaled.jpg 2560w, https:\/\/bibersa.com\/wp-content\/uploads\/2022\/11\/ses-rengi-ve-ses-tonu-seslendirme-1024x512.jpg 1024w, https:\/\/bibersa.com\/wp-content\/uploads\/2022\/11\/ses-rengi-ve-ses-tonu-seslendirme-768x384.jpg 768w, https:\/\/bibersa.com\/wp-content\/uploads\/2022\/11\/ses-rengi-ve-ses-tonu-seslendirme-1536x768.jpg 1536w, https:\/\/bibersa.com\/wp-content\/uploads\/2022\/11\/ses-rengi-ve-ses-tonu-seslendirme-2048x1024.jpg 2048w, https:\/\/bibersa.com\/wp-content\/uploads\/2022\/11\/ses-rengi-ve-ses-tonu-seslendirme-640x320.jpg 640w, https:\/\/bibersa.com\/wp-content\/uploads\/2022\/11\/ses-rengi-ve-ses-tonu-seslendirme-400x200.jpg 400w\" sizes=\"auto, (max-width: 2560px) 100vw, 2560px\" \/><figcaption id=\"caption-attachment-21875\" class=\"wp-caption-text\">Ses Tonlar\u0131 | BiberSA Prod\u00fcksiyon<\/figcaption><\/figure>\n<h2>Ses Tonu Nas\u0131l Bulunur?<\/h2>\n<p>Ses tonunun belirlenmesinde \u00e7e\u015fitli etmenler bulunmaktad\u0131r. Ses aral\u0131\u011f\u0131, ses a\u011f\u0131rl\u0131\u011f\u0131, ses t\u0131n\u0131s\u0131 ve tessitura gibi fakt\u00f6rler ile ses t\u00fcrleri s\u0131n\u0131fland\u0131r\u0131lmaktad\u0131r.<\/p>\n<ul>\n<li><strong>Ses Aral\u0131\u011f\u0131:<\/strong> Vokal aral\u0131\u011f\u0131 olarak da bilinen bu terim, sesin en y\u00fcksek notas\u0131 ile en al\u00e7ak notas\u0131 aras\u0131ndaki ton mesafesi anlam\u0131na gelmektedir. Ses aral\u0131\u011f\u0131n\u0131n do\u011fru \u015fekilde tespit edilmesi i\u00e7in ki\u015finin sa\u011fl\u0131kl\u0131 ses frekans\u0131na sahip olmas\u0131 ve belli bir e\u011fitimden ge\u00e7erek ses kontrol\u00fcn\u00fc yapabilmesi gerekmektedir.<\/li>\n<li><strong>Ses A\u011f\u0131rl\u0131\u011f\u0131:<\/strong> Ki\u015finin \u015fark\u0131 s\u00f6ylemesi sonucunda \u00e7\u0131kan ortaya \u00e7\u0131kan sesin hafifli\u011fi ya da a\u011f\u0131rl\u0131\u011f\u0131 anlam\u0131na gelmektedir. \u00c7o\u011funlukla olarak klasik m\u00fczik sanat\u00e7\u0131lar\u0131n\u0131n ses t\u00fcr\u00fc s\u0131n\u0131fland\u0131r\u0131lmas\u0131nda kullan\u0131lmaktad\u0131r.<\/li>\n<li><strong>Ses T\u0131n\u0131s\u0131:<\/strong> Ayn\u0131 frekans\u0131 \u00e7\u0131karan enstr\u00fcmanlardaki ses farkl\u0131l\u0131\u011f\u0131d\u0131r. Ses t\u0131n\u0131s\u0131 her insanda farkl\u0131l\u0131k g\u00f6stermektedir.<\/li>\n<li><strong>Tessiture:<\/strong> \u0130nsan\u0131n en rahat notada \u00e7\u0131kard\u0131\u011f\u0131 ses aral\u0131\u011f\u0131 i\u00e7in kullan\u0131lan bir terimdir. Do\u011fru e\u011fitimle ile birlikte tessitura, i\u00e7inde bulunan t\u00fcm notalar\u0131 kapasayabilen bir \u00f6zellik kazanmaktad\u0131r.<\/li>\n<\/ul>\n<p>Ses rengini belirleyen bu etmenler \u00e7o\u011fu zaman birbiri ile kar\u0131\u015ft\u0131r\u0131lmaktad\u0131r. \u00d6zellikle halk aras\u0131nda ses aral\u0131\u011f\u0131 ile ses tonu terimlerinin e\u015f de\u011fer anlama sahip varsay\u0131m\u0131 yap\u0131lmaktad\u0131r. Bu hususta belirtmemiz gereken en \u00f6nemli detay ise ses tonunun ba\u015fta ses aral\u0131\u011f\u0131 olmak \u00fczere di\u011fer t\u00fcm ses rengi s\u0131n\u0131fland\u0131r\u0131lmas\u0131nda kullan\u0131lan terimleri kapsamas\u0131d\u0131r. Yani, <strong>ses tonu i\u00e7erisinde ses aral\u0131\u011f\u0131, ses a\u011f\u0131rl\u0131\u011f\u0131, ses t\u0131n\u0131 ve tessiture kavramlar\u0131n\u0131 bar\u0131nd\u0131rmaktad\u0131r<\/strong>.<\/p>\n<h2>Ses Tonlar\u0131 Neden Farkl\u0131d\u0131r?<\/h2>\n<p>Y\u00fcz\u00fcm\u00fcz\u00fcn, kokumuzun ve parmak izimizin sadece bize ait olan \u00f6zellikler oldu\u011fu gibi her insan\u0131n ses rengi de birbirinden farkl\u0131d\u0131r. Bu farkl\u0131l\u0131\u011f\u0131 etkileyen \u00e7e\u015fitli fakt\u00f6rler bulunmaktad\u0131r. <strong>Bu fakt\u00f6rlerin en ba\u015f\u0131nda ise her insan\u0131n a\u011f\u0131z ve g\u0131rtlak b\u00f6lgesindeki anatomik yap\u0131n\u0131n farkl\u0131 olmas\u0131 gelmektedir.<\/strong><\/p>\n<p>Konu\u015furken \u00e7\u0131kard\u0131\u011f\u0131m\u0131z sesler dudak, dil, di\u015f ve a\u011f\u0131z yap\u0131m\u0131za g\u00f6re \u015fekil alarak kelimeleri olu\u015fturmaktad\u0131r. A\u011f\u0131z yap\u0131m\u0131z\u0131n birbirimizden farkl\u0131 olmas\u0131 ses tellerinin titre\u015fiminden meydana gelen ses dalgalar\u0131n\u0131n farkl\u0131 tonlarda a\u011fz\u0131m\u0131zdan \u00e7\u0131kmas\u0131na neden olmaktad\u0131r. Ayr\u0131ca g\u0131rtlak b\u00f6lgesinde yer alan ses tellerimizin geni\u015fli\u011finin ve boyutlar\u0131n\u0131n farkl\u0131 olmas\u0131 da konu\u015furken \u00e7\u0131kan sesimizin farkl\u0131 tonlarda seyretmesine neden olmaktad\u0131r.<\/p>\n<p>Fiziksel ve anatomik farkl\u0131l\u0131klar\u0131m\u0131za ilave olarak <strong>ses tellerimizin \u00e7al\u0131\u015fma \u015feklinin de birbirinden farkl\u0131 olmas\u0131, her insan\u0131n farkl\u0131 ses rengine sahip olmas\u0131na neden olmaktad\u0131r.<\/strong> Register olarak adland\u0131r\u0131lan bu durum, ses dalgalar\u0131n\u0131n olu\u015fturdu\u011fu frekans ile ilgilidir. Her insan\u0131n konu\u015furken olu\u015fturdu\u011fu ses dalgas\u0131, ses tellerinin farkl\u0131 \u015fekilde \u00e7al\u0131\u015fmas\u0131 ile kendine has frekans boyutu olu\u015fturmaktad\u0131r. B\u00f6ylece \u00e7\u0131kard\u0131\u011f\u0131m\u0131z seslerin tonlar\u0131 birbirinden ayr\u0131lmaktad\u0131r.<\/p>\n<p>Anatomik, fiziksel ve register farkl\u0131l\u0131klar\u0131na ek olarak konu\u015furken <strong>kulland\u0131\u011f\u0131m\u0131z mimik hareketlerimiz ve kelimeler \u00fczerindeki vurgu tonlamalar\u0131m\u0131z da farkl\u0131 ses tonlar\u0131n\u0131n ortaya \u00e7\u0131kmas\u0131na neden olmaktad\u0131r.<\/strong><\/p>\n<h2>Projem i\u00e7in Do\u011fru Ses Tonu Nas\u0131l Se\u00e7ebilirim?<\/h2>\n<p>Ses rengi ve ses tonu ile ilgili bilinmesi gereken en \u00f6nemli detaylar\u0131 sizinle payla\u015ft\u0131ktan sonra s\u0131rada projeniz i\u00e7in nas\u0131l do\u011fru sesi bulabilece\u011finizi anlatmak istiyoruz.<\/p>\n<p>BiberSA Prod\u00fcksiyon olarak ses bankam\u0131z\u0131 her ge\u00e7en y\u0131l daha da geni\u015fletiyoruz. Hem yerli hem de yabanc\u0131 ses sanat\u00e7\u0131lar\u0131yla zenginle\u015ftirdi\u011fimiz ses bankam\u0131z, birbirinden farkl\u0131 renge ve tona sahip seslendirmeler ile her t\u00fcrl\u00fc projeye hitap etmektedir. Bu hususta sizin yapman\u0131z gereken en \u00f6nemli \u015fey projeniz i\u00e7in en uygun sesi be\u011fenmenizdir. <a href=\"https:\/\/sesbankasi.com\/\" rel=\"sponsored noopener\" target=\"_blank\">Binlerce sesin oldu\u011fu ses bankam\u0131za buradan ula\u015fabilirsiniz<\/a>. \u015ea\u015f\u0131rd\u0131n\u0131z de\u011fil mi?<\/p>\n<p>\u015eu anda projeniz i\u00e7in en uygun sesi nas\u0131l ve neye g\u00f6re be\u011fenece\u011finizi d\u00fc\u015f\u00fcn\u00fcyorsunuz. \u015e\u00f6yle a\u00e7\u0131klamak gerekirse do\u011fdu\u011fumuz g\u00fcnden beri be\u011fenme g\u00fcd\u00fcs\u00fcn\u00fc belli bir \u015fablona oturturuz. Bu \u015fablonun ad\u0131 ise alt\u0131n orand\u0131r. Hayat\u0131m\u0131zdaki her \u015feyi bu alt\u0131n oran \u015fablonuna g\u00f6re be\u011feniriz. Projeniz i\u00e7in de en uygun sesi i\u015fte bu alt\u0131n oran \u015fablonuna g\u00f6re be\u011feneceksiniz. Her \u015feyin farkl\u0131 bir \u00e7ekim g\u00fcc\u00fc ve cazibesi oldu\u011fundan hareketle ses tonu ve ses rengi sizin alt\u0131n oran\u0131n\u0131z baz\u0131nda size \u00e7ekici gelecektir. B\u00f6ylece projeniz i\u00e7in en uygun ses t\u00fcr\u00fcn\u00fc se\u00e7mi\u015f olacaks\u0131n\u0131z.<\/p>\n<p>Bibersa taraf\u0131ndan yap\u0131lan <a href=\"https:\/\/bibersa.com\/ar\/\u0648\u062b\u0627\u0626\u0642\u064a-\u0635\u0648\u062a\u064a\/\" target=\"_blank\" rel=\"noopener\">belgesel seslendirme<\/a> \u00f6rneklerine g\u00f6z atarak belgesel projeleri i\u00e7in do\u011fru ses tonlar\u0131n\u0131n \u00f6rneklerini g\u00f6rebilirsiniz. E\u011fer bir \u00fcr\u00fcn ya da marka \u00e7al\u0131\u015fmas\u0131 yap\u0131yor, bunu en iyi \u015fekilde sunmak istiyorsan\u0131z \u00a0<a href=\"https:\/\/bibersa.com\/ar\/\u0635\u0648\u062a\u064a-\u0641\u064a\u0644\u0645-\u062a\u062c\u0627\u0631\u064a\/\" target=\"_blank\" rel=\"noopener\">reklam filmi seslendirme<\/a> sayfam\u0131za g\u00f6z atarak daha \u00f6nce ger\u00e7ekle\u015ftirdi\u011fimiz ba\u015far\u0131ya ula\u015fm\u0131\u015f binlerce reklam \u00e7al\u0131\u015fmas\u0131ndan se\u00e7ti\u011fimiz \u00f6rnekleri g\u00f6rebilir, dinleyebilirsiniz. Sosyal medya dahil olmak \u00fczere t\u00fcm dijital mecralarda yap\u0131m\u0131n\u0131 \u00fcstlendi\u011fimiz <a href=\"https:\/\/bibersa.com\/ar\/\u0627\u0644\u0625\u0639\u0644\u0627\u0646-\u0627\u0644\u0635\u0648\u062a\u064a\/\" target=\"_blank\" rel=\"noopener\">reklam seslendirme<\/a> projeleri de reklam \u00e7al\u0131\u015fmalar\u0131n\u0131zda kullanaca\u011f\u0131n\u0131z ses i\u00e7in size bir fikir verecektir.<\/p>\n<p>E\u011fer markan\u0131z\u0131 geni\u015fletmek, marka sesinizi belirlemek istiyorsan\u0131z Bibersa taraf\u0131ndan \u00fcstlenen\u00a0 <a href=\"https:\/\/bibersa.com\/ar\/\u0627\u0644\u062a\u0631\u0648\u064a\u062c\u064a-\u0627\u0644\u0641\u064a\u0644\u0645-\u0627\u0644\u0635\u0648\u062a\u064a\/\" target=\"_blank\" rel=\"noopener\">tan\u0131t\u0131m filmi seslendirme<\/a> \u00e7al\u0131\u015fmalar\u0131n\u0131 dinleyebilirsiniz. Firman\u0131za gelen telefon trafi\u011fini y\u00f6netmek, gelen \u00e7a\u011fr\u0131lar\u0131 ka\u00e7\u0131rmamak i\u00e7in <a href=\"https:\/\/bibersa.com\/ar\/\u0644\u0648\u062d\u0629-\u0645\u0641\u0627\u062a\u064a\u062d-\u0635\u0648\u062a-\u062e\u062f\u0645\u0629\/\" target=\"_blank\" rel=\"noopener\">santral seslendirme<\/a> sayfam\u0131za g\u00f6z atabilir, binlerce referans aras\u0131ndan size ve firman\u0131za uyumlu en iyi sesi bulabilirsiniz.<\/p>\n<p>Bibersa olarak\u00a0 <a href=\"https:\/\/bibersa.com\/ar\/\u0627\u0644\u0634\u062e\u0635\u064a\u0627\u062a-\u0648\u0627\u0644\u0631\u0633\u0648\u0645-\u0627\u0644\u0645\u062a\u062d\u0631\u0643\u0629-\u0648\u0627\u0644\u062a\u0639\u0644\u064a\u0642-\u0627\/\" target=\"_blank\" rel=\"noopener\">karakter animasyon seslendirme<\/a> hizmetimiz, animasyon reklam filmlerine odaklanmaktad\u0131r. Animasyon reklam filmleri \u00e7izim ve grafikler ile olu\u015fturulmaktad\u0131r. Oyuncu kullan\u0131lmayan bu filmlerde yaln\u0131zca nesnelerin hareket etmesi s\u00f6z konusudur. Bu bak\u0131mdan seslendirme, duygu ta\u015f\u0131ma konusunda olduk\u00e7a \u00f6nemlidir. Bu t\u00fcr reklam filmlerinde iyi bir seslendirme, reklama &#8220;duygu&#8221; katmak anlam\u0131na gelmektedir.<\/p>\n<p>Sesli kitap projeleriniz i\u00e7in Bibersa <a href=\"https:\/\/bibersa.com\/ar\/\u0643\u062a\u0627\u0628-\u0635\u0648\u062a\u064a\/\" target=\"_blank\" rel=\"noopener\">kitap seslendirme<\/a> hizmetini sa\u011flamaktad\u0131r. \u00c7ocuk kitaplar\u0131ndan edeb\u00ee eserlere pek \u00e7ok ba\u015far\u0131l\u0131 ve geni\u015f kitlelere ula\u015fan kitap seslendirme projelerimize s\u00f6z atabilir, kendi kitap seslendirme projeniz i\u00e7in en iyi sesleri dinleyebilirsiniz.<\/p>\n<h3>Sonu\u00e7 olarak;<\/h3>\n<p>Her insan\u0131n ses tonu ve ses rengi birbirinden farkl\u0131d\u0131r. Bu farkl\u0131l\u0131k ayr\u0131ca sahip oldu\u011fumuz en b\u00fcy\u00fck zenginliktir. Biz de BiberSA Prod\u00fcksiyon olarak y\u0131llar\u0131n verdi\u011fi tecr\u00fcbe ile bu zenginli\u011fi farkl\u0131 projeler ile birle\u015ftirmeye devam ediyoruz. Sonu\u00e7ta i\u015fimiz g\u00fcc\u00fcm\u00fcz ses!<\/p>\n\r\n\t\t<\/div>\r\n\t<\/div>\r\n<\/div><\/div><\/div><div class=\"vc_row wpb_row row top-row\"><div class=\"vc_column_container col-md-12\"><div class=\"wpb_wrapper vc_column-inner\"><section class=\"vc_cta3-container\"><div class=\"vc_general vc_do_cta3 vc_cta3 vc_cta3-style-classic vc_cta3-shape-rounded vc_cta3-align-left vc_cta3-color-classic vc_cta3-icon-size-md vc_cta3-actions-bottom\"><div class=\"vc_cta3_content-container\"><div class=\"vc_cta3-content\"><header class=\"vc_cta3-content-header\"><\/header><p style=\"text-align: center;\">Seslendirme sanat\u00e7\u0131lar\u0131m\u0131z hakk\u0131nda daha fazla bilgi ve teklif almak i\u00e7in ses bankas\u0131n\u0131 ziyaret edebilirsiniz.<\/p>\n<\/div><div class=\"vc_cta3-actions\"><div class=\"vc_btn3-container vc_btn3-center vc_do_btn\" >\r\n\t<a class=\"vc_general vc_btn3 vc_btn3-size-xl vc_btn3-shape-rounded vc_btn3-style-classic yesil  wpb_custom_6687b26f39488ddbb85ddb3c1ce8e111 vc_btn3-icon-left vc_btn3-color-green btn\" href=\"https:\/\/bibersa.com\/ar\/ses-bankasi\/\" title=\"\"><i class=\"vc_btn3-icon fas fa-location-arrow\"><\/i> Ses Bankas\u0131n\u0131 Ziyaret Et<\/a>\t<\/div>\r\n<\/div><\/div><\/div><\/section><\/div><\/div><\/div>\n<\/div>","protected":false},"excerpt":{"rendered":"Seslendirmede ses rengi, ya da bir di\u011fer ad\u0131 ile ses tonu, olduk\u00e7a \u00f6nemli bir detayd\u0131r. Ses \u00e7e\u015fitlerini birbirinden ay\u0131rmak i\u00e7in kullan\u0131lan ses rengi terimi, bir \u00e7alg\u0131 aletinin veya insan sesinin ona has olan frekans\u0131, notas\u0131 ve \u015fiddeti aras\u0131ndaki farklar\u0131 tan\u0131mlamak i\u00e7in kullan\u0131lan bir niteliktir. \u00d6zellikle seslendirme ve dublaj alan\u0131nda olduk\u00e7a s\u0131kl\u0131kla kullan\u0131lan bu terim, ses [...]","protected":false},"author":2,"featured_media":9746,"comment_status":"closed","ping_status":"closed","sticky":false,"template":"","format":"standard","meta":{"footnotes":""},"categories":[1],"tags":[],"class_list":["post-9745","post","type-post","status-publish","format-standard","has-post-thumbnail","hentry","category-blog"],"featured_image_src":{"landsacpe":["https:\/\/bibersa.com\/wp-content\/uploads\/2018\/05\/seslendirmede-ses-rengi-veya-ses-tonu.jpg",675,445,false],"list":["https:\/\/bibersa.com\/wp-content\/uploads\/2018\/05\/seslendirmede-ses-rengi-veya-ses-tonu.jpg",463,305,false],"medium":["https:\/\/bibersa.com\/wp-content\/uploads\/2018\/05\/seslendirmede-ses-rengi-veya-ses-tonu-300x198.jpg",300,198,true],"full":["https:\/\/bibersa.com\/wp-content\/uploads\/2018\/05\/seslendirmede-ses-rengi-veya-ses-tonu.jpg",790,521,false]},"_links":{"self":[{"href":"https:\/\/bibersa.com\/ar\/wp-json\/wp\/v2\/posts\/9745","targetHints":{"allow":["GET"]}}],"collection":[{"href":"https:\/\/bibersa.com\/ar\/wp-json\/wp\/v2\/posts"}],"about":[{"href":"https:\/\/bibersa.com\/ar\/wp-json\/wp\/v2\/types\/post"}],"author":[{"embeddable":true,"href":"https:\/\/bibersa.com\/ar\/wp-json\/wp\/v2\/users\/2"}],"replies":[{"embeddable":true,"href":"https:\/\/bibersa.com\/ar\/wp-json\/wp\/v2\/comments?post=9745"}],"version-history":[{"count":0,"href":"https:\/\/bibersa.com\/ar\/wp-json\/wp\/v2\/posts\/9745\/revisions"}],"wp:featuredmedia":[{"embeddable":true,"href":"https:\/\/bibersa.com\/ar\/wp-json\/wp\/v2\/media\/9746"}],"wp:attachment":[{"href":"https:\/\/bibersa.com\/ar\/wp-json\/wp\/v2\/media?parent=9745"}],"wp:term":[{"taxonomy":"category","embeddable":true,"href":"https:\/\/bibersa.com\/ar\/wp-json\/wp\/v2\/categories?post=9745"},{"taxonomy":"post_tag","embeddable":true,"href":"https:\/\/bibersa.com\/ar\/wp-json\/wp\/v2\/tags?post=9745"}],"curies":[{"name":"wp","href":"https:\/\/api.w.org\/{rel}","templated":true}]}}