{"id":22091,"date":"2022-12-09T17:02:37","date_gmt":"2022-12-09T14:02:37","guid":{"rendered":"https:\/\/bibersa.com\/?p=22091"},"modified":"2023-05-29T00:45:05","modified_gmt":"2023-05-28T21:45:05","slug":"arabalar-filmi-seslendirme-kadrosu","status":"publish","type":"post","link":"https:\/\/bibersa.com\/es\/blog\/personal-de-doblaje-de-peliculas-de-coches\/","title":{"rendered":"Arabalar Filmi Seslendirme Kadrosu"},"content":{"rendered":"<p><span style=\"font-weight: 400;\">Pixar yap\u0131m\u0131 ve Walt Disney\u2019in da\u011f\u0131t\u0131c\u0131s\u0131 oldu\u011fu &#8220;Arabalar&#8221; komedi-macera animasyonu, 2006 y\u0131l\u0131nda vizyona \u00e7\u0131km\u0131\u015ft\u0131r. Bug\u00fcn bile her ya\u015ftan kitlenin b\u00fcy\u00fck bir heyecanla izledi\u011fi animasyon serisi, bir\u00e7o\u011fumuzun \u00e7ocukluk y\u0131llar\u0131n\u0131 etkisi alt\u0131na alm\u0131\u015ft\u0131r. Bu ba\u015far\u0131l\u0131 animasyon filminin t\u00fcm d\u00fcnyada oldu\u011fu gibi \u00fclkemizde de dublaj\u0131 yap\u0131lm\u0131\u015ft\u0131r. Arabalar filmi seslendirme kadrosunda sesiyle iz b\u0131rakan, adeta yeniden bir film denecek kadar ba\u015far\u0131l\u0131 seslendirmeler ortaya \u00e7\u0131km\u0131\u015ft\u0131r.\u00a0<\/span><\/p>\n<p><b>\u00a0Arabalar dublaj kast kadrosu i\u00e7inde Yekta Kopan, Berna Ba\u015fer, Sezai Ayd\u0131n, Erdal Tosun ve Cem Y\u0131lmaz gibi \u00fclkemizin en \u00fcnl\u00fc seslendirme sanat\u00e7\u0131lar\u0131 yer almaktad\u0131r<\/b><span style=\"font-weight: 400;\">. \u0130\u00e7eri\u011finizin devam\u0131nda 2006 y\u0131l\u0131ndan bug\u00fcne kadar olduk\u00e7a b\u00fcy\u00fck bir hayran kitlesine ula\u015fmay\u0131 ba\u015faran Arabalar animasyon serisinin seslendirme ekibi i\u00e7inde yer alan isimleri ele alaca\u011f\u0131z. \u015eimdiden keyifli okumalar dileriz!<\/span><\/p>\n<h2><b>\u015eim\u015fek Mcqueen Kim Seslendiriyor?<\/b><\/h2>\n<p><span style=\"font-weight: 400;\">Arabalar film serisi, ba\u015frol olarak belirlenmi\u015f \u015eim\u015fek Mcqueen\u2019in ba\u015f\u0131ndan ge\u00e7en olaylar\u0131 ele almaktad\u0131r. <strong>\u201c<\/strong><\/span><strong>\u015eim\u015fek Mcqueen\u201d rol\u00fcn\u00fc seslendiren T\u00fcrk seslendirme sanat\u00e7\u0131m\u0131z ise Yekta Kopan<\/strong><span style=\"font-weight: 400;\"><strong> olmaktad\u0131r<\/strong>. Yekta Kopan, seslendirmesini yapt\u0131\u011f\u0131 t\u00fcm film karakterlerinde oldu\u011fu gibi \u015eim\u015fek Mcqueen seslendirmesinde de bu sekt\u00f6rdeki fark\u0131n\u0131 bizlere yans\u0131tm\u0131\u015ft\u0131r.<\/span><\/p>\n<figure id=\"attachment_22095\" aria-describedby=\"caption-attachment-22095\" style=\"width: 1024px\" class=\"wp-caption alignnone\"><img loading=\"lazy\" decoding=\"async\" class=\"wp-image-22095 size-large\" src=\"https:\/\/bibersa.s3-accelerate.amazonaws.com\/wp-content\/uploads\/2022\/12\/Arabalar-filmi-seslendirme-kadrosu-simsek-mcquen-1024x576.jpg\" alt=\"Arabalar filmi seslendirme kadrosu \u015fim\u015fek mcquen\" width=\"1024\" height=\"576\" title=\"\" srcset=\"https:\/\/bibersa.com\/wp-content\/uploads\/2022\/12\/Arabalar-filmi-seslendirme-kadrosu-simsek-mcquen-1024x576.jpg 1024w, https:\/\/bibersa.com\/wp-content\/uploads\/2022\/12\/Arabalar-filmi-seslendirme-kadrosu-simsek-mcquen-768x432.jpg 768w, https:\/\/bibersa.com\/wp-content\/uploads\/2022\/12\/Arabalar-filmi-seslendirme-kadrosu-simsek-mcquen-640x360.jpg 640w, https:\/\/bibersa.com\/wp-content\/uploads\/2022\/12\/Arabalar-filmi-seslendirme-kadrosu-simsek-mcquen-400x225.jpg 400w\" sizes=\"auto, (max-width: 1024px) 100vw, 1024px\" \/><figcaption id=\"caption-attachment-22095\" class=\"wp-caption-text\">Arabalar filmi seslendirme kadrosu \u015fim\u015fek mcquen<\/figcaption><\/figure>\n<p><span style=\"font-weight: 400;\">\u00a0Jim Carrey gibi Hollywood\u2019un ba\u015far\u0131l\u0131 oyuncular\u0131n\u0131n T\u00fcrk\u00e7e seslendirmesini yapan Yekta Kopan, \u00e7ocukluk y\u0131llar\u0131ndan itibaren dublaj kadrosunda yer ald\u0131\u011f\u0131 t\u00fcm projeleri bir \u00fcst segmente ta\u015f\u0131yarak bizi kendine hayran etmeyi ba\u015farm\u0131\u015ft\u0131r. <\/span><b>Kendisi \u015eim\u015fek Mcgueen seslendirme kadrosunda yer ald\u0131\u011f\u0131 gibi ba\u015fta \u201cBuz Devri\u201d olmak \u00fczere bir\u00e7ok animasyon filmlerinin de aran\u0131lan ismi olmaktad\u0131r.<\/b><\/p>\n<p><span style=\"font-weight: 400;\">\u00a0Arabalar \u015eim\u015fek Mcqueen seslendirmesindeki T\u00fcrk\u00e7e vurgu ve tonlama kurallar\u0131 ile karakterin film boyunca ya\u015fad\u0131\u011f\u0131 duygular\u0131 birbiri ile birle\u015ftirmeyi ba\u015faran Yekta Kopan, bu animasyonun ilk iki filminde ayn\u0131 karakterin seslendirmesini yaparak biz izleyecilere seslendirmedeki yeteneklerini aktarmay\u0131 ba\u015farm\u0131\u015ft\u0131r.<\/span><\/p>\n<h2><b>Hudson Hornet Seslendiren T\u00fcrk Seslendirme Sanat\u00e7\u0131s\u0131 Kimdir?<\/b><\/h2>\n<p><iframe loading=\"lazy\" title=\"Doc Hudson Neden Yar\u0131\u015fmay\u0131 B\u0131rakt\u0131? | 4K ULTRA HD | Pixar Cars T\u00fcrkiye\" width=\"1140\" height=\"641\" src=\"https:\/\/www.youtube.com\/embed\/x82-rDWZgZs?feature=oembed\" frameborder=\"0\" allow=\"accelerometer; autoplay; clipboard-write; encrypted-media; gyroscope; picture-in-picture; web-share\" allowfullscreen><\/iframe><\/p>\n<p><span style=\"font-weight: 400;\">Film boyunca \u015eim\u015fek Mcqueen\u2019e en \u00e7ok yard\u0131m eden ve ayn\u0131 zamanda \u00f6\u011fretmeni olarak kar\u015f\u0131m\u0131za \u00e7\u0131kan bir di\u011fer karakterimiz ise \u201cHudson Hornet\u201d olmaktad\u0131r. Hudson Hornet, Paul Newman taraf\u0131ndan canland\u0131r\u0131lmaktad\u0131r. <\/span><b>\u00dclkemizde Arabalar filmi seslendirenler aras\u0131nda Hudson Hornet karakterinin babacan duygular\u0131n\u0131 ses tonu ile birle\u015ftiren \u00fcnl\u00fc seslendirme sanat\u00e7\u0131m\u0131z ise Erhan Abir\u2019dir.<\/b><\/p>\n<figure id=\"attachment_22099\" aria-describedby=\"caption-attachment-22099\" style=\"width: 1024px\" class=\"wp-caption alignnone\"><img loading=\"lazy\" decoding=\"async\" class=\"wp-image-22099 size-large\" src=\"https:\/\/bibersa.s3-accelerate.amazonaws.com\/wp-content\/uploads\/2022\/12\/hudson-hornet-erhan-abir-seslendirme-1024x576.jpg\" alt=\"\" width=\"1024\" height=\"576\" title=\"\" srcset=\"https:\/\/bibersa.com\/wp-content\/uploads\/2022\/12\/hudson-hornet-erhan-abir-seslendirme-1024x576.jpg 1024w, https:\/\/bibersa.com\/wp-content\/uploads\/2022\/12\/hudson-hornet-erhan-abir-seslendirme-768x432.jpg 768w, https:\/\/bibersa.com\/wp-content\/uploads\/2022\/12\/hudson-hornet-erhan-abir-seslendirme-640x360.jpg 640w, https:\/\/bibersa.com\/wp-content\/uploads\/2022\/12\/hudson-hornet-erhan-abir-seslendirme-400x225.jpg 400w\" sizes=\"auto, (max-width: 1024px) 100vw, 1024px\" \/><figcaption id=\"caption-attachment-22099\" class=\"wp-caption-text\">hudson hornet t\u00fcrk\u00e7e dublaj<\/figcaption><\/figure>\n<p><b>Y\u00fcze yak\u0131n tiyatro oyununda rol olarak performans\u0131 ile zihnimize kaz\u0131nan Erhan Abir, Arabalar seslendirme kadrosunun yan\u0131 s\u0131ra bir\u00e7ok ba\u015far\u0131l\u0131 film projesinin dublaj\u0131nda da yer alm\u0131\u015ft\u0131r.<\/b><span style=\"font-weight: 400;\"> Genellikle sevimli ve babacan ya\u015fl\u0131 karakterler ile Frans\u0131z film karakterlerinin seslendirmesini yapan yetenekli seslendirme sanat\u00e7\u0131m\u0131z, 2016 y\u0131l\u0131nda vefat etmi\u015ftir.<\/span><\/p>\n<h2><b>Mater Seslendiren T\u00fcrk Seslendirme Sanat\u00e7\u0131s\u0131 Kimdir?<\/b><\/h2>\n<p><span style=\"font-weight: 400;\">Arabalar film serisin en sevimli karakteri olan \u201c\u00c7ekici Mater\u201d ayn\u0131 zamanda \u015eim\u015fek Mcqueen\u2019in de en yak\u0131n arkada\u015f\u0131d\u0131r.<\/span><b> Sempatik konu\u015fmas\u0131 ve sevecen hareketleri ile g\u00f6nl\u00fcm\u00fczde taht kuran Mater, Arabalar seslendirme sanat\u00e7\u0131lar\u0131 aras\u0131nda yer alan Osman Gidi\u015fo\u011flu taraf\u0131ndan seslendirilmektedi<\/b><span style=\"font-weight: 400;\">r.<\/span><\/p>\n<p><iframe loading=\"lazy\" title=\"Mater&#039;\u0131n Abart\u0131l\u0131 Hikayeleri | Hava Mater | T\u00fcrk\u00e7e Dublaj Full HD 1080p Part 1\" width=\"1140\" height=\"641\" src=\"https:\/\/www.youtube.com\/embed\/gfwl5vajJko?feature=oembed\" frameborder=\"0\" allow=\"accelerometer; autoplay; clipboard-write; encrypted-media; gyroscope; picture-in-picture; web-share\" allowfullscreen><\/iframe><\/p>\n<p><b>Arabalar dublaj kast sanat\u00e7\u0131lar\u0131 aras\u0131nda olduk\u00e7a farkl\u0131 bir ses tonuna sahip olan Osman Gidi\u015fo\u011flu\u2019nu \u201c\u00c7ocuklar Duymas\u0131n, Emret Komutan\u0131m, Organize \u0130\u015fler ve \u00c7ocu\u011fun Var Derdin Var\u201d gibi bir\u00e7ok dizi ve film projelerinden tan\u0131yoruz. <\/b><span style=\"font-weight: 400;\">Oyunculuktaki yeteneklerini seslendirme ve dublaj sekt\u00f6r\u00fcndeki projelerde de g\u00f6stermeyi ba\u015faran \u00fcnl\u00fc seslendirme sanat\u00e7\u0131m\u0131z 2013 y\u0131l\u0131ndan aram\u0131zdan ayr\u0131lm\u0131\u015ft\u0131r.<\/span><\/p>\n<h2><b>Arabalar Filmi Seslendirme Kadrosu<\/b><\/h2>\n<p><b>\u015eim\u015fek Mcqueen, Hudson Hornet ve \u00c7ekici Mater karakterlerine ilave olarak \u00fclkemizdeki bir\u00e7ok seslendirme sanat\u00e7\u0131m\u0131z Arabalar dublaj kast kadrosu i\u00e7inde yer alm\u0131\u015ft\u0131r.<\/b><span style=\"font-weight: 400;\"> Animasyonun di\u011fer karakterlerine ses veren birbirinden yetenekli di\u011fer sanat\u00e7\u0131lar\u0131m\u0131z\u0131n isimleri ise \u015fu \u015fekildedir:<\/span><\/p>\n<h3><b>Berna Ba\u015fer &#8211; Sally\u00a0<\/b><\/h3>\n<figure id=\"attachment_22105\" aria-describedby=\"caption-attachment-22105\" style=\"width: 1024px\" class=\"wp-caption alignnone\"><img loading=\"lazy\" decoding=\"async\" class=\"wp-image-22105 size-large\" src=\"https:\/\/bibersa.s3-accelerate.amazonaws.com\/wp-content\/uploads\/2022\/12\/Arabalar-Sally-seslendirme-Berna-Baser-1024x576.jpg\" alt=\"\" width=\"1024\" height=\"576\" title=\"\" srcset=\"https:\/\/bibersa.com\/wp-content\/uploads\/2022\/12\/Arabalar-Sally-seslendirme-Berna-Baser-1024x576.jpg 1024w, https:\/\/bibersa.com\/wp-content\/uploads\/2022\/12\/Arabalar-Sally-seslendirme-Berna-Baser-768x432.jpg 768w, https:\/\/bibersa.com\/wp-content\/uploads\/2022\/12\/Arabalar-Sally-seslendirme-Berna-Baser-640x360.jpg 640w, https:\/\/bibersa.com\/wp-content\/uploads\/2022\/12\/Arabalar-Sally-seslendirme-Berna-Baser-400x225.jpg 400w\" sizes=\"auto, (max-width: 1024px) 100vw, 1024px\" \/><figcaption id=\"caption-attachment-22105\" class=\"wp-caption-text\">Arabalar Sally seslendirme Berna Ba\u015fer<\/figcaption><\/figure>\n<p><b>Arabalar seslendirme sanat\u00e7\u0131lar\u0131 isimleri aras\u0131nda animasyon serisin \u201cSally\u201d karakterine ses veren, Berna Ba\u015fer olmaktad\u0131r<\/b><span style=\"font-weight: 400;\">. \u00c7ocukluk y\u0131llar\u0131nda TRT s\u0131nav\u0131n\u0131 kazanarak radyoda seslendirme yapmaya ba\u015flayan Berna Ba\u015fer, en \u00e7ok Penelope Cruz ve Sandra Bullock seslendirmeleri ile tan\u0131nmaktad\u0131r.<\/span><\/p>\n<h3><b>Hakan Vanl\u0131 &#8211; <\/b><b>Kral Weathers<\/b><\/h3>\n<p><b>\u201cKral Weathers\u201d karakterinin sesi ile filme damgas\u0131n\u0131 vuran Hakan Vanl\u0131, Arabalar dublaj kast\u0131 i\u00e7inde yer alan bir di\u011fer seslendirme sanat\u00e7\u0131m\u0131z olarak kar\u015f\u0131m\u0131za \u00e7\u0131kmaktad\u0131r.<\/b><span style=\"font-weight: 400;\"> Kendisini \u201cAsmal\u0131 Konak ve Bizim Aile\u201d gibi T\u00fcrk dizi ve film sekt\u00f6r\u00fcne damgas\u0131n\u0131 vuran bir\u00e7ok projeden de yak\u0131ndan tan\u0131yoruz. Hakan Vanl\u0131, ayn\u0131 zamanda, Bruce Willis, Brad Pitt, Mel Gibson ve Ronald Reagan gibi bir\u00e7ok Hollywood j\u00f6n\u00fcn\u00fcn sesine de hayat vermi\u015ftir.<\/span><\/p>\n<h3><b>Ali Ekber Diriba\u015f &#8211; Chick Hicks<\/b><\/h3>\n<p><b>Arabalar filmini seslendirenler<\/b><span style=\"font-weight: 400;\"> listemizdeki s\u0131radaki dublaj sanat\u00e7\u0131m\u0131z ise Ali Ekber Diriba\u015f\u2019t\u0131r. \u201cChick Hicks\u201d karakterine can veren seslendirme sanat\u00e7\u0131m\u0131z; Matrix filminin Ajan Smith\u2019ini ve Mumya: Ejder \u0130mparatorunun Mezar\u0131 filminin Brendan Fraser\u2019in de dublaj\u0131n\u0131 yapm\u0131\u015ft\u0131r. Ayr\u0131ca Arabalar animasyonuna ek olarak \u201cOyuncak Hikayesi\u201d serisinin seslendirme kadrosunda da yer alm\u0131\u015ft\u0131r.<\/span><\/p>\n<h3><b>Ali D\u00fc\u015fenkalkar &#8211; Ramone<\/b><\/h3>\n<p><span style=\"font-weight: 400;\">\u201cRamone\u201d karakteri ile <\/span><b>Arabalar dublaj kast<\/b><span style=\"font-weight: 400;\"> sanat\u00e7\u0131lar\u0131 aras\u0131nda yer alan Ali D\u00fc\u015fenkalkar, \u00fclkemizin \u00e7ok sevilen oyuncular\u0131 aras\u0131nda yer almaktad\u0131r. Bir\u00e7ok T\u00fcrk dizi ve film projesinin aran\u0131lan ismi olan Ali D\u00fc\u015fenkalkar, \u201cHan\u0131m\u0131n \u00c7iftli\u011fi\u201d dizisindeki oyunculuk performans\u0131 ile de bizleri kendine hayran b\u0131rakmay\u0131 ba\u015farm\u0131\u015ft\u0131r.<\/span><\/p>\n<h3><b>Sezai Ayd\u0131n &#8211; Luigi<\/b><\/h3>\n<p><b>Arabalar seslendirme<\/b><span style=\"font-weight: 400;\"> kadrosunun bir di\u011fer ba\u015far\u0131l\u0131 ismi ise Sezai Ayd\u0131n olmaktad\u0131r. Filmin \u201cLuigi\u201d karakterine hayat veren \u00fcnl\u00fc sanat\u00e7\u0131m\u0131z, T\u00fcrk komedi dizilerindeki ve tiyatrodaki oyunculuk performans\u0131na ek olarak Silverston Stallone gibi pek \u00e7ok \u00fcnl\u00fc Hollywood y\u0131ld\u0131z\u0131n\u0131n seslendirmesine de hayat vermi\u015ftir.<\/span><\/p>\n<h3><b>Erdal Tosun- Fillmore<\/b><\/h3>\n<p><b>Arabalar seslendirme<\/b><span style=\"font-weight: 400;\"> sanat\u00e7\u0131lar\u0131m\u0131z\u0131, Erdal Tosun ile sonland\u0131r\u0131yoruz. Filmin \u201cFillmore\u201d karakterine ses veren sanat\u00e7\u0131m\u0131z; \u201cG.O.R.A, Vizontele Tuba, Organize \u0130\u015fler, G\u00f6n\u00fcl Yaras\u0131, Bir Demet Tiyatro ve \u00c7alg\u0131 \u00c7engi\u201d gibi T\u00fcrk film sekt\u00f6r\u00fcn\u00fcn en ba\u015far\u0131l\u0131 projelerinde oyuncu olarak yer alm\u0131\u015ft\u0131r. T\u00fcrk televizyon ekranlar\u0131n\u0131n sevilen y\u00fcz\u00fc olan Erdal Tosun 2016 y\u0131l\u0131nda aram\u0131zdan ayr\u0131larak bizleri derin bir h\u00fczne bo\u011fmu\u015ftur.<\/span><\/p>\n<h2><b>Arabalar 2 Seslendirme Kadrosu<\/b><\/h2>\n<p><span style=\"font-weight: 400;\">Amerikan komedi-macera animasyon filminin devam\u0131 olan \u201cArabalar 2\u201d, 2011 y\u0131l\u0131nda vizyona \u00e7\u0131km\u0131\u015ft\u0131r. Serinin bu filmi, \u015eim\u015fek Mcqueen ve yak\u0131n arkada\u015f\u0131 Mater\u2019\u0131n ba\u015f\u0131ndan ge\u00e7en biri dizi olay\u0131 ele almaktad\u0131r. Piston Kupas\u0131\u2019n\u0131 kazanan Mcqueen, Arabalar 2 filminde de yar\u0131\u015flara kat\u0131lmaya devam ederken arkada\u015f\u0131 Mater ise Finn McRocket ad\u0131ndaki \u0130ngiliz ajan\u0131na yard\u0131m ederek kendini bir anda casuslar d\u00fcnyas\u0131nda bulur.<\/span><\/p>\n<p><span style=\"font-weight: 400;\">\u00a0Serinin ikinci filminde, t\u0131pk\u0131 birinci filminde oldu\u011fu gibi <\/span><b>\u015eim\u015fek Mcqueen seslendiren T\u00fcrk <\/b><span style=\"font-weight: 400;\">sanat\u00e7\u0131m\u0131z <\/span><b>Yekta Kopan<\/b><span style=\"font-weight: 400;\"> olmaktad\u0131r. Arabalar dublaj kast sanat\u00e7\u0131lar\u0131 aras\u0131nda yer alan Osman Gidi\u015fo\u011flu da yine Mater karakterine ses vermektedir. Sally karakteri de tekrar Berna Ba\u015fer ile canland\u0131r\u0131lmaktad\u0131r. Arabalar 2 filminin T\u00fcrk\u00e7e dublaj\u0131nda Cem Y\u0131lmaz gibi daha bir\u00e7ok usta sanat\u00e7\u0131m\u0131z\u0131n yer ald\u0131\u011f\u0131 g\u00f6r\u00fclmektedir.<\/span><\/p>\n<p><span style=\"font-weight: 400;\">\u00a0Arabalar 2 filminin T\u00fcrk\u00e7e dublaj kadrosunda yer alan isimler \u015fu \u015fekilde s\u0131ralanmaktad\u0131r:<\/span><\/p>\n<h3><b>Cem Y\u0131lmaz &#8211; <\/b><b>Francesco Bernoulli<\/b><\/h3>\n<p><iframe loading=\"lazy\" title=\"Arabalar 2 - Cem Y\u0131lmaz Kamera Arkas\u0131 Videosu\" width=\"1140\" height=\"855\" src=\"https:\/\/www.youtube.com\/embed\/zB-qBbkbAYA?start=83&#038;feature=oembed\" frameborder=\"0\" allow=\"accelerometer; autoplay; clipboard-write; encrypted-media; gyroscope; picture-in-picture; web-share\" allowfullscreen><\/iframe><\/p>\n<p><span style=\"font-weight: 400;\">Ekranlar\u0131n sevilen isimlerinden bir tanesi olan Cem Y\u0131lmaz\u2019\u0131 hem filmleri ile hem de sahne performanslar\u0131ndan dolay\u0131 olduk\u00e7a yak\u0131ndan tan\u0131yoruz. Usta sanat\u00e7\u0131 h\u00fcnerlerini seslendirme ve dublaj alan\u0131nda da g\u00f6stererek <\/span><b>Arabalar seslendirme<\/b><span style=\"font-weight: 400;\"> kadrosu i\u00e7inde yer almay\u0131 ba\u015farm\u0131\u015ft\u0131r. Cem Y\u0131lmaz, Arabalar filmine ek olarak bir\u00e7ok Walt Disney filminde de seslendirme yapm\u0131\u015ft\u0131r.<\/span><\/p>\n<h3><b>Ali G\u00fcl &#8211; Finn McRocket\u00a0<\/b><\/h3>\n<p><span style=\"font-weight: 400;\">Eddie Murphy\u2019den Gargamel\u2019e ve Robert De Niro\u2019ya kadar bir\u00e7ok film karakterini ve oyuncusunu konu\u015fturan <\/span><b>Ali G\u00fcl, Arabalar dublaj kast kadrosu i\u00e7inde yer alarak serinin ikinci filminde \u201cFinn McRocke<\/b><span style=\"font-weight: 400;\">t\u201d adl\u0131 ajan karakterini canland\u0131ran arabay\u0131 seslendirmi\u015ftir.<\/span><\/p>\n<h3><b>G\u00fclen Karaman &#8211; Holly Shiftwell<\/b><\/h3>\n<p><span style=\"font-weight: 400;\">Dormen Tiyatrosundan yolu ge\u00e7en G\u00fclen Karaman, ustas\u0131 \u00c7etin \u0130pekkaya\u2019n\u0131n y\u00f6nlendirmesi ile seslendirme sekt\u00f6r\u00fcne giri\u015f yapm\u0131\u015ft\u0131r. \u201cA\u015fk-\u0131 Memnu\u201d dizisindeki Firdevs karakteri gibi bir\u00e7ok dizi ve film karakterine sesinin imzas\u0131n\u0131 atan \u00fcnl\u00fc sanat\u00e7\u0131, Arabalar seslendirme kadrosunda yer alarak \u201cHolly Shiftwell\u201d karakterini konu\u015fturmu\u015ftur.\u00a0<\/span><\/p>\n<h3><b>Altu\u011f Y\u00fccel -Sir Miles Axlerod<\/b><\/h3>\n<p><span style=\"font-weight: 400;\">1990 y\u0131l\u0131nda seslendirme ve dublaj sekt\u00f6r\u00fcne ad\u0131m\u0131n\u0131 atan Altu\u011f Y\u00fccel, bug\u00fcne kadar bir\u00e7ok reklam filmine ses vermi\u015ftir. T\u00fcrkiye\u2019nin en me\u015fhur seslendirme sanat\u00e7\u0131lar\u0131 aras\u0131nda yer alan Altu\u011f Y\u00fccel,<\/span><b> Arabalar filmi seslendirenler<\/b><span style=\"font-weight: 400;\"> aras\u0131nda \u201cSir Miles Axlerod\u201d karakterini canland\u0131rm\u0131\u015ft\u0131r.<\/span><\/p>\n<h3><b>Murat At\u0131l &#8211; Brent Mustangburger<\/b><\/h3>\n<p><span style=\"font-weight: 400;\">Spikerlik tecr\u00fcbesini seslendirme alan\u0131nda da g\u00f6steren Murat At\u0131l, 1986 y\u0131l\u0131ndan beri bir\u00e7ok film ve reklam projelerinde dublaj yapm\u0131\u015ft\u0131r. T\u00fcrk\u00e7e vurgu ve tonlama kurallar\u0131n\u0131 spikerlik h\u00fcnerleri ile birle\u015ftiren sanat\u00e7\u0131m\u0131z <\/span><b>Arabalar seslendirme<\/b><span style=\"font-weight: 400;\"> kadrosu i\u00e7inde yer alarak animasyon serisinin ikinci filminde \u201cBrent Mustangburger\u201d karakterine ses vermi\u015ftir.<\/span><\/p>\n<h3><b>Ufuk Bigay &#8211; Profesor Z<\/b><\/h3>\n<p><span style=\"font-weight: 400;\">T\u00fcrkiye\u2019nin \u201cBay Tango\u201d lakab\u0131 ile tan\u0131maya ba\u015flad\u0131\u011f\u0131 Ufuk Bigay, 1990\u2019l\u0131 y\u0131llar\u0131n ba\u015f\u0131ndan itibaren \u00e7\u0131kard\u0131\u011f\u0131 alb\u00fcmler ile m\u00fczik d\u00fcnyas\u0131n\u0131 sallam\u0131\u015ft\u0131r. 2005 y\u0131l\u0131nda vizyona giren Madagaskar filmi ile animasyon sekt\u00f6r\u00fcnde seslendirme yapmaya ba\u015flayan sanat\u00e7\u0131m\u0131z, <\/span><b>Arabalar dublaj kast\u0131<\/b><span style=\"font-weight: 400;\"> i\u00e7inde \u201cProfesor Z\u201d karakterini canland\u0131rm\u0131\u015ft\u0131r.<\/span><\/p>\n<h2><b>Arabalar Film Serisi Konusu Nedir?<\/b><\/h2>\n<p><span style=\"font-weight: 400;\">Arabalar animasyon serisi \u015eim\u015fek Mcgueen ve arkada\u015flar\u0131n\u0131n ba\u015f\u0131ndan ge\u00e7en aksiyon ve komedi dolu olaylar\u0131 ele almaktad\u0131r. Serinin ilk filminde Piston Kupas\u0131 i\u00e7in Kaliforniya\u2019ya giden \u015eim\u015fek Mcgueen, kendisini ta\u015f\u0131yan ara\u00e7tan d\u00fc\u015ferek Radyat\u00f6r Kasabas\u0131\u2019na gelir. Bu kasaba tan\u0131\u015ft\u0131\u011f\u0131 yeni arkada\u015flar\u0131 olan Mater, Sally ve Hudson Hornet sayesinde \u015eim\u015fek Mcgueen\u2019in hayat\u0131 de\u011fi\u015fmeye ba\u015flar.<\/span><\/p>\n<p><span style=\"font-weight: 400;\">\u00a0Kaliforniya\u2019daki yar\u0131\u015fa kat\u0131lmay\u0131 ba\u015faran karakterimiz, Radyat\u00f6r Kasabas\u0131\u2019nda ya\u015fad\u0131\u011f\u0131 an\u0131lar\u0131 geride b\u0131rakt\u0131\u011f\u0131 i\u00e7in b\u00fcy\u00fck bir h\u00fcz\u00fcn duyar. Yar\u0131\u015f\u0131 tam kaybetmek \u00fczereyken Radyat\u00f6r Kasabas\u0131\u2019ndaki arkada\u015flar\u0131n\u0131n piste gelip \u015eim\u015fek Mcgueen\u2019e yard\u0131m etmesi ile yar\u0131\u015f\u0131n seyri de\u011fi\u015fmeye ba\u015flar.<\/span><\/p>\n<p><span style=\"font-weight: 400;\">\u00a0Arabalar serisinin di\u011fer filmleri de \u015eim\u015fek Mcgueen ve Radyat\u00f6r Kasabas\u0131\u2019ndaki en yak\u0131n arkada\u015f\u0131 olan Mater\u2019\u0131n ba\u015f\u0131na gelen ilgin\u00e7 olaylar\u0131 ele almaktad\u0131r. Serinin ikinci filminde yine \u015eim\u015fek Mcgueen \u0130talya, Japonya ve Birle\u015fik Krall\u0131k&#8217;ta ger\u00e7ekle\u015fen yar\u0131\u015flara kat\u0131l\u0131rken arkada\u015f\u0131 Mater kendisini hi\u00e7 ummad\u0131\u011f\u0131 durumlar i\u00e7erisinde bularak ajan d\u00fcnyas\u0131na giri\u015f yapar.<\/span><\/p>\n<p><span style=\"font-weight: 400;\">2006 y\u0131l\u0131nda ilk filmi vizyona giren Amerikan komedi-aksiyon animasyonu serisi, t\u00fcm d\u00fcnyada b\u00fcy\u00fck yank\u0131 uyand\u0131rarak dublajlar\u0131n\u0131n \u00e7ekilmesini sa\u011flam\u0131\u015ft\u0131r. \u00dclkemizde de dublaj\u0131 yap\u0131lan filmin seslendirme kadrosunda bir\u00e7o\u011funu tan\u0131d\u0131\u011f\u0131m\u0131z ve sesine hayran oldu\u011fumuz dublaj sanat\u00e7\u0131lar\u0131m\u0131z bulunmaktad\u0131r. \u0130\u00e7eri\u011fimizde payla\u015ft\u0131\u011f\u0131m\u0131z <\/span><b>Arabalar seslendirme <\/b><span style=\"font-weight: 400;\">sanat\u00e7\u0131lar\u0131m\u0131z\u0131n b\u00fcy\u00fck bir \u00e7o\u011funlu\u011fu bizim de <a href=\"https:\/\/sesbankasi.com\/\" rel=\"sponsored noopener\" target=\"_blank\">ses bankam\u0131zda<\/a> bulunmaktad\u0131r. Siz de projelerinizi bir \u00fcst seviyeye ta\u015f\u0131mak i\u00e7in en uygun \u201c<a href=\"https:\/\/bibersa.com\/es\/blog\/turkiyenin-en-meshur-seslendirme-sanatcilari\/\" target=\"_blank\" rel=\"noopener\">ses<\/a>\u201di, BiberSA Prod\u00fcksiyon ayr\u0131cal\u0131\u011f\u0131 ile kolayca bulabilirsiniz. Sonu\u00e7ta i\u015fimiz g\u00fcc\u00fcm\u00fcz ses!<\/span><\/p>","protected":false},"excerpt":{"rendered":"<p>Pixar yap\u0131m\u0131 ve Walt Disney\u2019in da\u011f\u0131t\u0131c\u0131s\u0131 oldu\u011fu &#8220;Arabalar&#8221; komedi-macera animasyonu, 2006 y\u0131l\u0131nda vizyona \u00e7\u0131km\u0131\u015ft\u0131r. Bug\u00fcn bile her ya\u015ftan kitlenin b\u00fcy\u00fck bir heyecanla izledi\u011fi animasyon serisi, bir\u00e7o\u011fumuzun \u00e7ocukluk y\u0131llar\u0131n\u0131 etkisi alt\u0131na alm\u0131\u015ft\u0131r. Bu ba\u015far\u0131l\u0131 animasyon filminin t\u00fcm d\u00fcnyada oldu\u011fu gibi \u00fclkemizde de dublaj\u0131 yap\u0131lm\u0131\u015ft\u0131r. Arabalar filmi seslendirme kadrosunda sesiyle iz b\u0131rakan, adeta yeniden bir film denecek [&hellip;]<\/p>\n","protected":false},"author":23,"featured_media":22106,"comment_status":"closed","ping_status":"closed","sticky":false,"template":"","format":"standard","meta":{"footnotes":""},"categories":[1,1719],"tags":[1743,1744],"class_list":["post-22091","post","type-post","status-publish","format-standard","has-post-thumbnail","hentry","category-blog","category-dublaj","tag-arabalar-filmi-seslendirme","tag-arabalar-seslendirme-kadrosu"],"featured_image_src":{"landsacpe":["https:\/\/bibersa.com\/wp-content\/uploads\/2022\/12\/arabalar-seslendirme-kadrosu-1140x445.jpg",1140,445,true],"list":["https:\/\/bibersa.com\/wp-content\/uploads\/2022\/12\/arabalar-seslendirme-kadrosu-463x348.jpg",463,348,true],"medium":["https:\/\/bibersa.com\/wp-content\/uploads\/2022\/12\/arabalar-seslendirme-kadrosu-300x169.jpg",300,169,true],"full":["https:\/\/bibersa.com\/wp-content\/uploads\/2022\/12\/arabalar-seslendirme-kadrosu.jpg",1366,768,false]},"_links":{"self":[{"href":"https:\/\/bibersa.com\/es\/wp-json\/wp\/v2\/posts\/22091","targetHints":{"allow":["GET"]}}],"collection":[{"href":"https:\/\/bibersa.com\/es\/wp-json\/wp\/v2\/posts"}],"about":[{"href":"https:\/\/bibersa.com\/es\/wp-json\/wp\/v2\/types\/post"}],"author":[{"embeddable":true,"href":"https:\/\/bibersa.com\/es\/wp-json\/wp\/v2\/users\/23"}],"replies":[{"embeddable":true,"href":"https:\/\/bibersa.com\/es\/wp-json\/wp\/v2\/comments?post=22091"}],"version-history":[{"count":0,"href":"https:\/\/bibersa.com\/es\/wp-json\/wp\/v2\/posts\/22091\/revisions"}],"wp:featuredmedia":[{"embeddable":true,"href":"https:\/\/bibersa.com\/es\/wp-json\/wp\/v2\/media\/22106"}],"wp:attachment":[{"href":"https:\/\/bibersa.com\/es\/wp-json\/wp\/v2\/media?parent=22091"}],"wp:term":[{"taxonomy":"category","embeddable":true,"href":"https:\/\/bibersa.com\/es\/wp-json\/wp\/v2\/categories?post=22091"},{"taxonomy":"post_tag","embeddable":true,"href":"https:\/\/bibersa.com\/es\/wp-json\/wp\/v2\/tags?post=22091"}],"curies":[{"name":"wp","href":"https:\/\/api.w.org\/{rel}","templated":true}]}}