{"id":22347,"date":"2023-01-07T19:00:18","date_gmt":"2023-01-07T16:00:18","guid":{"rendered":"https:\/\/bibersa.com\/?p=22347"},"modified":"2023-01-10T22:50:17","modified_gmt":"2023-01-10T19:50:17","slug":"turk-erkek-seslendirme-sanatcilari","status":"publish","type":"post","link":"https:\/\/bibersa.com\/es\/blog\/actores-de-voz-masculinos-turcos\/","title":{"rendered":"T\u00fcrk Erkek Seslendirme Sanat\u00e7\u0131lar\u0131: Bu 5 (Be\u015f) Sesi Bir Yerden Hat\u0131rl\u0131yorsunuz!"},"content":{"rendered":"<div class=\"wpb-content-wrapper\"><div class=\"vc_row wpb_row row top-row\"><div class=\"vc_column_container col-md-12\"><div class=\"wpb_wrapper vc_column-inner\">\r\n\t<div class=\"wpb_text_column wpb_content_element wpb_custom_7c91d232724f73626cc933bd95b25ff0\" >\r\n\t\t<div class=\"wpb_wrapper\">\r\n\t\t\t<p><span style=\"font-weight: 400;\">Her g\u00fcn izledi\u011finiz bir\u00e7ok dizi- film ve belgeselde baz\u0131 seslerin size, bir yerden tan\u0131d\u0131k geldi\u011fini hat\u0131rl\u0131yor olabilirsiniz. Sahnedeki oyuncunun performans\u0131 kadar duydu\u011funuz ses de izledi\u011finiz yap\u0131ttan alaca\u011f\u0131n\u0131z keyfi do\u011frudan etkiliyor. Pek \u00e7ok dizi ve filme oyunculu\u011fu ile hayat veren sanat\u00e7\u0131lar, ayn\u0131 zamanda seslendirme sanat\u00e7\u0131s\u0131 olarak sahne arkas\u0131nda da yer al\u0131yor. Bu yaz\u0131m\u0131zda <\/span><b>T\u00fcrk\u00e7e dublaj <\/b><span style=\"font-weight: 400;\">\u00e7al\u0131\u015fmalar\u0131nda s\u0131kl\u0131kla duydu\u011funuz erkek dublaj sanat\u00e7\u0131lar\u0131 ile ilgili detaylara yer verdik.\u00a0<\/span><\/p>\n<p><b>T\u00fcrk Erkek seslendirme sanat\u00e7\u0131lar\u0131 <\/b><span style=\"font-weight: 400;\">dublaj sekt\u00f6r\u00fcn\u00fcn en \u00e7ok geli\u015fti\u011fi \u00fclkelerden biri olan T\u00fcrkiye\u2019de ekran\u0131n g\u00f6r\u00fcnmeyen y\u00fczleri olarak kar\u015f\u0131m\u0131za \u00e7\u0131k\u0131yor. \u0130\u015finde ba\u015far\u0131l\u0131 olan T\u00fcrk\u00e7e seslendirme sanat\u00e7\u0131lar\u0131, ses tonu ile yeteneklerini birle\u015ftirerek ortaya kusursuz \u00e7al\u0131\u015fmalar \u00e7\u0131kar\u0131yor. Peki, y\u00fcz\u00fcn\u00fc hi\u00e7 g\u00f6rmedi\u011finiz halde sesini s\u00fcrekli duydu\u011funuz \u00fcnl\u00fc erkek seslendirme sanat\u00e7\u0131lar\u0131 kimler? T\u00fcrkiye\u2019nin en iyi<\/span><b> erkek dublaj sanat\u00e7\u0131lar\u0131 <\/b><span style=\"font-weight: 400;\">ve seslendirdi\u011fi karakterleri, bu yaz\u0131m\u0131zda sizler i\u00e7in listeledik.\u00a0<\/span><\/p>\n<h2><span style=\"font-weight: 400;\">T\u00fcrk Erkek Seslendirme Sanat\u00e7\u0131lar\u0131 Aras\u0131nda Nicolas Gage&#8217;in Sesi Var: U\u011fur Ta\u015fdemir<\/span><\/h2>\n<p><b><img loading=\"lazy\" decoding=\"async\" class=\"alignnone wp-image-22388 size-large\" src=\"https:\/\/bibersa.com\/wp-content\/uploads\/2022\/12\/ugur-tasdemir-1024x408.jpeg\" alt=\"T\u00fcrk erkek seslendirme sanat\u00e7\u0131lar\u0131: U\u011fur Ta\u015fdemir\" width=\"1024\" height=\"408\" title=\"\" srcset=\"https:\/\/bibersa.com\/wp-content\/uploads\/2022\/12\/ugur-tasdemir-1024x408.jpeg 1024w, https:\/\/bibersa.com\/wp-content\/uploads\/2022\/12\/ugur-tasdemir-768x306.jpeg 768w, https:\/\/bibersa.com\/wp-content\/uploads\/2022\/12\/ugur-tasdemir-640x255.jpeg 640w, https:\/\/bibersa.com\/wp-content\/uploads\/2022\/12\/ugur-tasdemir-400x159.jpeg 400w\" sizes=\"auto, (max-width: 1024px) 100vw, 1024px\" \/><\/b><\/p>\n<p><b>U\u011fur Ta\u015fdemir seslendirdi\u011fi karakterler <\/b><span style=\"font-weight: 400;\">ile b\u00fct\u00fcnle\u015fen m\u00fcthi\u015f yeteneklerden biri. Bug\u00fcne kadar bir\u00e7ok filmin T\u00fcrk\u00e7e dublaj\u0131nda sesini duydu\u011funuz ama kime ait oldu\u011funu bilmedi\u011finiz o sesin sahibi U\u011fur Ta\u015fdemir. Nicolas Cage filmlerinde <\/span><b>U\u011fur Ta\u015fdemir dublajlar\u0131na<\/b><span style=\"font-weight: 400;\"> s\u0131kl\u0131kla rastlayabilirsiniz. Usta tiyatrocu Selim Na\u015fit \u00d6zcan&#8217;\u0131n tavsiyesiyle seslendirmeye ba\u015flayan \u00fcnl\u00fc isim bir\u00e7ok filme sesiyle hayat vermeye devam ediyor. <\/span><\/p>\n<p><iframe loading=\"lazy\" title=\"U\u011eUR TA\u015eDEM\u0130R | SESLEND\u0130RME SANAT\u00c7ISI | SESL\u0130 K\u0130TAP DEMO\" width=\"1140\" height=\"641\" src=\"https:\/\/www.youtube.com\/embed\/Az72ZJq6ETI?start=2&#038;feature=oembed\" frameborder=\"0\" allow=\"accelerometer; autoplay; clipboard-write; encrypted-media; gyroscope; picture-in-picture; web-share\" allowfullscreen><\/iframe><\/p>\n<p><span style=\"font-weight: 400;\">Nicolas Cage&#8217;in filmleri ile tan\u0131nan U\u011fur Ta\u015fdemir ayr\u0131ca Bojack Horseman komedi dizisiyle de \u00f6ne \u00e7\u0131k\u0131yor. U\u011fur Ta\u015fdemir denilince akla ilk gelen yap\u0131mlardan biri Kurtlar Vadisi oluyor. <\/span><b>U\u011fur Ta\u015fdemir Kurtlar Vadisi <\/b><span style=\"font-weight: 400;\">adl\u0131 dizide avukat B\u00fcnyamin karakterini canland\u0131r\u0131yordu. \u00dcnl\u00fc isim ayn\u0131 zamanda Kurtlar Vadisi: Gladio isimli sinema filminde de rol alm\u0131\u015ft\u0131. U\u011fur Ta\u015fdemir\u2019in sesi ve oyunculu\u011fu ile hayat verdi\u011fi di\u011fer yap\u0131mlar ise \u015f\u00f6yle;\u00a0<\/span><\/p>\n<ul>\n<li style=\"font-weight: 400;\" aria-level=\"1\"><span style=\"font-weight: 400;\">1999 \u2013 \u00c7at\u0131s\u0131z Kad\u0131nlar<\/span><\/li>\n<li style=\"font-weight: 400;\" aria-level=\"1\"><span style=\"font-weight: 400;\">1999 \u2013 K\u00fc\u00e7\u00fck Besleme\u00a0<\/span><\/li>\n<li style=\"font-weight: 400;\" aria-level=\"1\"><span style=\"font-weight: 400;\">1998 \u2013 S\u0131cak Saatler<\/span><\/li>\n<li style=\"font-weight: 400;\" aria-level=\"1\"><span style=\"font-weight: 400;\">1998 \u2013 Ho\u015f\u00e7akal Yar\u0131n\u00a0<\/span><\/li>\n<li style=\"font-weight: 400;\" aria-level=\"1\"><span style=\"font-weight: 400;\">1998 \u2013 Ayr\u0131 D\u00fcnyalar<\/span><\/li>\n<li style=\"font-weight: 400;\" aria-level=\"1\"><span style=\"font-weight: 400;\">1997 \u2013 B\u00f6yle mi Olacakt\u0131<\/span><\/li>\n<li style=\"font-weight: 400;\" aria-level=\"1\"><span style=\"font-weight: 400;\">1997 \u2013 Baba Evi<\/span><\/li>\n<li style=\"font-weight: 400;\" aria-level=\"1\"><span style=\"font-weight: 400;\">1996 \u2013 K\u00f6\u015fe Kapmaca<\/span><\/li>\n<li style=\"font-weight: 400;\" aria-level=\"1\"><span style=\"font-weight: 400;\">1995 \u2013 \u00c7i\u00e7ek Taksi\u00a0<\/span><\/li>\n<li style=\"font-weight: 400;\" aria-level=\"1\"><span style=\"font-weight: 400;\">1994 \u2013 \u0130nce \u0130nce Yasemince\u00a0<\/span><\/li>\n<li style=\"font-weight: 400;\" aria-level=\"1\"><span style=\"font-weight: 400;\">1992 \u2013 Mahallenin Muhtarlar\u0131\u00a0<\/span><\/li>\n<li style=\"font-weight: 400;\" aria-level=\"1\"><span style=\"font-weight: 400;\">1989 \u2013 \u0130z Pe\u015finde\u00a0<\/span><\/li>\n<li style=\"font-weight: 400;\" aria-level=\"1\"><span style=\"font-weight: 400;\">2000 \u2013 Bir A\u015fk Hik\u00e2yesi\u00a0<\/span><\/li>\n<li style=\"font-weight: 400;\" aria-level=\"1\"><span style=\"font-weight: 400;\">2000 \u2013 A\u015fk G\u00fczel \u015eeydir<\/span><\/li>\n<li style=\"font-weight: 400;\" aria-level=\"1\"><span style=\"font-weight: 400;\">2014 \u2013 \u00c7ilek\u00a0<\/span><\/li>\n<li style=\"font-weight: 400;\" aria-level=\"1\"><span style=\"font-weight: 400;\">2014 \u2013 Vay Ba\u015f\u0131ma Gelenler 2,5\u00a0<\/span><\/li>\n<li style=\"font-weight: 400;\" aria-level=\"1\"><span style=\"font-weight: 400;\">2012 \u2013 Merhaba Hayat<\/span><\/li>\n<li style=\"font-weight: 400;\" aria-level=\"1\"><span style=\"font-weight: 400;\">2012 \u2013 Harem<\/span><\/li>\n<li style=\"font-weight: 400;\" aria-level=\"1\"><span style=\"font-weight: 400;\">2010 \u2013 Pak Panter\u00a0<\/span><\/li>\n<li style=\"font-weight: 400;\" aria-level=\"1\"><span style=\"font-weight: 400;\">2009 \u2013 Kurtlar Vadisi: Gladio\u00a0<\/span><\/li>\n<li style=\"font-weight: 400;\" aria-level=\"1\"><span style=\"font-weight: 400;\">2014 \u2013 Kurtlar Vadisi Pusu<\/span><\/li>\n<li style=\"font-weight: 400;\" aria-level=\"1\"><span style=\"font-weight: 400;\">2008 \u2013 Doktorlar<\/span><\/li>\n<li style=\"font-weight: 400;\" aria-level=\"1\"><span style=\"font-weight: 400;\">2005 \u2013 Ac\u0131 Hayat<\/span><\/li>\n<li style=\"font-weight: 400;\" aria-level=\"1\"><span style=\"font-weight: 400;\">2004 \u2013 Kurtlar Vadisi<\/span><\/li>\n<li style=\"font-weight: 400;\" aria-level=\"1\"><span style=\"font-weight: 400;\">2002 \u2013 K\u0131nal\u0131 Kar\u00a0<\/span><\/li>\n<\/ul>\n<h2><span style=\"font-weight: 400;\">T\u00fcrk Erkek Seslendirme Sanat\u00e7\u0131lar\u0131 Aras\u0131nda D\u0131\u015f Ses Tarkan Ko\u00e7<\/span><\/h2>\n<p><span style=\"font-weight: 400;\">Uzun y\u0131llard\u0131r televizyon ekranlar\u0131n\u0131n gerisinde yer alan Tarkan Ko\u00e7 seslendirme \u00e7al\u0131\u015fmalar\u0131 ile tan\u0131n\u0131yor. Pek \u00e7ok ki\u015finin Yemekteyiz\u2019den tan\u0131d\u0131\u011f\u0131\u00a0 <\/span><b>d\u0131\u015f ses Tarkan Ko\u00e7<\/b><span style=\"font-weight: 400;\"> 2008 y\u0131l\u0131ndan beri bu tarz programlarla ad\u0131ndan s\u0131k\u00e7a s\u00f6z ettiriyor. Konservatuar mezunu olan <\/span><a href=\"https:\/\/www.youtube.com\/watch?v=KSjUAoF1UrA&amp;t=1s\" target=\"_blank\" rel=\"noopener sponsored\"><b>Tarkan Ko\u00e7 seslendirme<\/b><\/a><span style=\"font-weight: 400;\"> ve oyunculuk yetene\u011fini bir arada sergileyen nadir isimlerden biri. <\/span><\/p>\n<p><iframe loading=\"lazy\" title=\"TARKAN KO\u00c7 | SESLEND\u0130RME SANAT\u00c7ISI | TANITIM DEMO1\" width=\"1140\" height=\"641\" src=\"https:\/\/www.youtube.com\/embed\/QM2EFlgKdao?feature=oembed\" frameborder=\"0\" allow=\"accelerometer; autoplay; clipboard-write; encrypted-media; gyroscope; picture-in-picture; web-share\" allowfullscreen><\/iframe><\/p>\n<p><span style=\"font-weight: 400;\">Daha \u00e7ok yabanc\u0131 film ve \u00e7izgi filmlerde seslendirme sanat\u00e7\u0131s\u0131 olarak g\u00f6rev alan Ko\u00e7 ayn\u0131 zamanda belgesel seslendirmelerinde yer al\u0131yor. <\/span><b>Tarkan Ko\u00e7 seslendirdi\u011fi filmler <\/b><span style=\"font-weight: 400;\">ve belgesellerle bilinse de, g\u00fcn\u00fcm\u00fczde yar\u0131\u015fma programlar\u0131n\u0131n aranan d\u0131\u015f sesi olarak kar\u015f\u0131m\u0131za \u00e7\u0131k\u0131yor. \u0130\u015fte, <\/span><b>Yemekteyiz d\u0131\u015f ses Tarkan Ko\u00e7<\/b><span style=\"font-weight: 400;\"> taraf\u0131ndan T\u00fcrk\u00e7e seslendirmesi yap\u0131lan film ve diziler;\u00a0<\/span><\/p>\n<ul>\n<li style=\"font-weight: 400;\" aria-level=\"1\"><span style=\"font-weight: 400;\">1996 \u2013 Kobra Takibi (T\u00fcrk\u00e7e Seslendirme) (TV Dizisi)<\/span><\/li>\n<li style=\"font-weight: 400;\" aria-level=\"1\"><span style=\"font-weight: 400;\">1995 \u2013 Cesur Y\u00fcrek (T\u00fcrk\u00e7e Seslendirme) (Sinema Filmi)<\/span><\/li>\n<li style=\"font-weight: 400;\" aria-level=\"1\"><span style=\"font-weight: 400;\">1988 \u2013 Geceyar\u0131s\u0131 Av\u0131 (T\u00fcrk\u00e7e Seslendirme) (Sinema Filmi)<\/span><\/li>\n<li style=\"font-weight: 400;\" aria-level=\"1\"><span style=\"font-weight: 400;\">1977 \u2013 Annie Hall\u00a0<\/span><\/li>\n<li style=\"font-weight: 400;\" aria-level=\"1\"><span style=\"font-weight: 400;\">2005 \u2013 \u00d6fkeli A\u015f\u0131klar<\/span><\/li>\n<li style=\"font-weight: 400;\" aria-level=\"1\"><span style=\"font-weight: 400;\">2005 \u2013 \u00c7\u0131lg\u0131n Garsonlar<\/span><\/li>\n<li style=\"font-weight: 400;\" aria-level=\"1\"><span style=\"font-weight: 400;\">2005 \u2013 Supernatural<\/span><\/li>\n<li style=\"font-weight: 400;\" aria-level=\"1\"><span style=\"font-weight: 400;\">2005 \u2013 A\u015fk ve Gurur\u00a0<\/span><\/li>\n<li style=\"font-weight: 400;\" aria-level=\"1\"><span style=\"font-weight: 400;\">2004 \u2013 K\u00f6pekbal\u0131\u011f\u0131 Hikayesi\u00a0<\/span><\/li>\n<li style=\"font-weight: 400;\" aria-level=\"1\"><span style=\"font-weight: 400;\">2014 \u2013 M\u00fczede Bir Gece: Lahitteki S\u0131r\u00a0<\/span><\/li>\n<li style=\"font-weight: 400;\" aria-level=\"1\"><span style=\"font-weight: 400;\">2014 \u2013 Gotham\u00a0<\/span><\/li>\n<li style=\"font-weight: 400;\" aria-level=\"1\"><span style=\"font-weight: 400;\">2014 \u2013 By the Gun\u00a0<\/span><\/li>\n<li style=\"font-weight: 400;\" aria-level=\"1\"><span style=\"font-weight: 400;\">2014 \u2013 Asabi Adam<\/span><\/li>\n<li style=\"font-weight: 400;\" aria-level=\"1\"><span style=\"font-weight: 400;\">2013- Muhbir<\/span><\/li>\n<li style=\"font-weight: 400;\" aria-level=\"1\"><span style=\"font-weight: 400;\">2013 \u2013 Teen Titans Go!<\/span><\/li>\n<li style=\"font-weight: 400;\" aria-level=\"1\"><span style=\"font-weight: 400;\">2013 \u2013 G\u00f6ster G\u00fcn\u00fcn\u00fc 2<\/span><\/li>\n<li style=\"font-weight: 400;\" aria-level=\"1\"><span style=\"font-weight: 400;\">2011 \u2013 \u00c7aylak Soyguncular<\/span><\/li>\n<li style=\"font-weight: 400;\" aria-level=\"1\"><span style=\"font-weight: 400;\">2011 \u2013 Salg\u0131n<\/span><\/li>\n<li style=\"font-weight: 400;\" aria-level=\"1\"><span style=\"font-weight: 400;\">2011 \u2013 Melankoli\u00a0<\/span><\/li>\n<\/ul>\n<p>&nbsp;<\/p>\n<h2><span style=\"font-weight: 400;\">Unutulmaz T\u00fcrk Erkek Seslendirme Sanat\u00e7\u0131lar\u0131 Aras\u0131nda En \u0130yilerden: Cihan \u00dcnal\u00a0<\/span><\/h2>\n<p><span style=\"font-weight: 400;\">T\u00fcrk tiyatro ve sinema sanat\u00e7\u0131s\u0131 olan <\/span><a href=\"https:\/\/bibersa.com\/es\/blog\/quien-es-cihan-unal\/\" target=\"_blank\" rel=\"noopener sponsored\"><b>Cihan \u00dcnal, <\/b><\/a><span style=\"font-weight: 400;\">uzun y\u0131llard\u0131r ekranlarda sesiyle ve oyunculu\u011fu ile g\u00f6z kama\u015ft\u0131ran isimlerden biri. \u00dcnl\u00fc oyuncunun sanat hayat\u0131 kadar \u00f6zel ya\u015fam\u0131 da merak edilen detaylar aras\u0131nda. <\/span><b>Cihan \u00dcnal ka\u00e7 ya\u015f\u0131nda<\/b><span style=\"font-weight: 400;\"> ve ne kadar s\u00fcredir ekranlarda sorusu en \u00e7ok yan\u0131t arayan sorular\u0131n ba\u015f\u0131nda geliyor. 22 Ocak 1946 do\u011fumlu olan Cihan \u00dcnal, profesyonel oyunculuk hayat\u0131na 1971 y\u0131l\u0131nda &#8220;Damdaki Kemanc\u0131&#8221; filmi ile ba\u015flad\u0131. <\/span><\/p>\n<p><iframe loading=\"lazy\" title=\"C\u0130HAN \u00dcNAL | SESLEND\u0130RME SANAT\u00c7ISI | REKLAM DEMO\" width=\"1140\" height=\"641\" src=\"https:\/\/www.youtube.com\/embed\/-dzH-IiAqtw?feature=oembed\" frameborder=\"0\" allow=\"accelerometer; autoplay; clipboard-write; encrypted-media; gyroscope; picture-in-picture; web-share\" allowfullscreen><\/iframe><\/p>\n<p><span style=\"font-weight: 400;\">Dizi ve filmleriyle ad\u0131ndan s\u0131k\u00e7a s\u00f6z ettiren <\/span><b>Cinal \u00dcnal seslendirme <\/b><span style=\"font-weight: 400;\">\u00e7al\u0131\u015fmalar\u0131yla kariyerini farkl\u0131 bir boyuta ta\u015f\u0131d\u0131. <\/span><b>Cihan \u00dcnal tiyatro<\/b><span style=\"font-weight: 400;\"> oyunculu\u011fu ile \u00f6ne \u00e7\u0131ksa da, A\u015fk Yeniden ve Kad\u0131n \u0130sterse adl\u0131 dizileriyle \u00f6nemli bir \u00e7\u0131k\u0131\u015f yapm\u0131\u015ft\u0131. Cihan \u00dcnal\u2019\u0131n \u00f6ne \u00e7\u0131kan dizi ve filmleri ise \u015f\u00f6yle;\u00a0<\/span><\/p>\n<ul>\n<li style=\"font-weight: 400;\" aria-level=\"1\"><span style=\"font-weight: 400;\">Nisan Ya\u011fmuru\u00a0<\/span><\/li>\n<li style=\"font-weight: 400;\" aria-level=\"1\"><span style=\"font-weight: 400;\">Bir Mucize Olsun\u00a0<\/span><\/li>\n<li style=\"font-weight: 400;\" aria-level=\"1\"><span style=\"font-weight: 400;\">Kad\u0131n \u0130sterse\u00a0<\/span><\/li>\n<li style=\"font-weight: 400;\" aria-level=\"1\"><span style=\"font-weight: 400;\">A\u015fk Yeniden\u00a0<\/span><\/li>\n<li style=\"font-weight: 400;\" aria-level=\"1\"><span style=\"font-weight: 400;\">Yedi Kocal\u0131 H\u00fcrm\u00fcz<\/span><\/li>\n<li style=\"font-weight: 400;\" aria-level=\"1\"><span style=\"font-weight: 400;\">Muhte\u015fem Y\u00fczy\u0131l K\u00f6sem<\/span><\/li>\n<li style=\"font-weight: 400;\" aria-level=\"1\"><span style=\"font-weight: 400;\">Yaln\u0131z Kurt\u00a0<\/span><\/li>\n<li style=\"font-weight: 400;\" aria-level=\"1\"><span style=\"font-weight: 400;\">S\u00f6z\u00a0<\/span><\/li>\n<li style=\"font-weight: 400;\" aria-level=\"1\"><span style=\"font-weight: 400;\">K\u0131rm\u0131z\u0131 I\u015f\u0131k\u00a0<\/span><\/li>\n<li style=\"font-weight: 400;\" aria-level=\"1\"><span style=\"font-weight: 400;\">Ba\u011fdat Hatun\u00a0<\/span><\/li>\n<li style=\"font-weight: 400;\" aria-level=\"1\"><span style=\"font-weight: 400;\">IV. Murat\u00a0<\/span><\/li>\n<\/ul>\n<h2><span style=\"font-weight: 400;\">T\u00fcrk Erkek Seslendirme Sanat\u00e7\u0131lar\u0131 : <\/span><span style=\"font-weight: 400;\">Do\u011fu Aytun<\/span><\/h2>\n<p><span style=\"font-weight: 400;\">Uzun y\u0131llar Amerika\u2019da ya\u015fayan \u00fcnl\u00fc oyuncu Do\u011fu Aytun, bug\u00fcne kadar pek \u00e7ok dizi ve filmde yer ald\u0131. \u015eimdilerde Aytun\u2019u TRT 1\u2019de yay\u0131nlanan Payitaht Abd\u00fclhamid dizisinde \u0130talyan Enzo karakterine hayat verirken g\u00f6rm\u00fc\u015f olabilirsiniz. \u015eahsiyet dizisi ile ad\u0131n\u0131 duyuran Do\u011fu Aytun, oyunculu\u011fun yan\u0131 s\u0131ra seslendirme de yap\u0131yor. Aytun, Amerikan R\u00fcyas\u0131 filmindeki Fraknio Faison karakterini canland\u0131rm\u0131\u015ft\u0131. <\/span><\/p>\n<p><iframe loading=\"lazy\" title=\"DO\u011eU AYTUN | SESLEND\u0130RME SANAT\u00c7ISI | TANITIM DEMO\" width=\"1140\" height=\"641\" src=\"https:\/\/www.youtube.com\/embed\/aqcM4INCkZI?feature=oembed\" frameborder=\"0\" allow=\"accelerometer; autoplay; clipboard-write; encrypted-media; gyroscope; picture-in-picture; web-share\" allowfullscreen><\/iframe><\/p>\n<p><span style=\"font-weight: 400;\">Do\u011fu Aytun\u2019un seslendirmesini \u00fcstlendi\u011fi di\u011fer yap\u0131mlar;\u00a0<\/span><\/p>\n<ul>\n<li style=\"font-weight: 400;\" aria-level=\"1\"><span style=\"font-weight: 400;\">Batman- Billy de Williams\u00a0<\/span><\/li>\n<li style=\"font-weight: 400;\" aria-level=\"1\"><span style=\"font-weight: 400;\">B\u0131\u00e7a\u011f\u0131n \u0130ki Y\u00fcz\u00fc- Donal Louge\u00a0<\/span><\/li>\n<li style=\"font-weight: 400;\" aria-level=\"1\"><span style=\"font-weight: 400;\">\u00c7elik Yumruklar- Kevin Durand\u00a0<\/span><\/li>\n<li style=\"font-weight: 400;\" aria-level=\"1\"><span style=\"font-weight: 400;\">Esaretin Bedeli- Clancy Brown\u00a0<\/span><\/li>\n<li style=\"font-weight: 400;\" aria-level=\"1\"><span style=\"font-weight: 400;\">Magic City- Matt Ross\u00a0<\/span><\/li>\n<li style=\"font-weight: 400;\" aria-level=\"1\"><span style=\"font-weight: 400;\">B\u00fcy\u00fck Felaket- Michael Howell\u00a0<\/span><\/li>\n<li style=\"font-weight: 400;\" aria-level=\"1\"><span style=\"font-weight: 400;\">Fargo- Kevin O\u2019Grady\u00a0<\/span><\/li>\n<li style=\"font-weight: 400;\" aria-level=\"1\"><span style=\"font-weight: 400;\">Focus- Dominic Fumusa\u00a0<\/span><\/li>\n<\/ul>\n<p>&nbsp;<\/p>\n<h2><span style=\"font-weight: 400;\">T\u00fcrk Erkek Seslendirme Sanat\u00e7\u0131lar\u0131 Aras\u0131nda Bir TRT Sanat\u00e7\u0131s\u0131: Ekrem Tamer<\/span><\/h2>\n<p><span style=\"font-weight: 400;\">TRT seslendirme sanat\u00e7\u0131s\u0131 kimli\u011fi ile bilinen Ekrem Tamer, \u00e7ok say\u0131da yetene\u011fe sahip \u00fcnl\u00fc bir isim. Oyuncu, e\u011fitmen, sunucu ve spiker olarak kar\u015f\u0131m\u0131za \u00e7\u0131kan <\/span><b>Ekrem Tamer seslendirme<\/b><span style=\"font-weight: 400;\"> \u00e7al\u0131\u015fmalar\u0131na 1984 y\u0131l\u0131nda ba\u015flad\u0131. Seslendirme alan\u0131na ilk ad\u0131m\u0131n\u0131 TRT\u2019de atan Tamer, pek \u00e7ok dizi ve sinema filminde yer ald\u0131. <\/span><\/p>\n<figure id=\"attachment_22376\" aria-describedby=\"caption-attachment-22376\" style=\"width: 1024px\" class=\"wp-caption alignnone\"><img loading=\"lazy\" decoding=\"async\" class=\"wp-image-22376 size-large\" src=\"https:\/\/bibersa.com\/wp-content\/uploads\/2022\/12\/ekrem-tamer-1-1024x407.png\" alt=\"T\u00fcrk Erkek Seslendirme Sanat\u00e7\u0131lar\u0131 Aras\u0131nda Bir TRT Sanat\u00e7\u0131s\u0131: Ekrem Tamer\" width=\"1024\" height=\"407\" title=\"\" srcset=\"https:\/\/bibersa.com\/wp-content\/uploads\/2022\/12\/ekrem-tamer-1-1024x407.png 1024w, https:\/\/bibersa.com\/wp-content\/uploads\/2022\/12\/ekrem-tamer-1-768x305.png 768w, https:\/\/bibersa.com\/wp-content\/uploads\/2022\/12\/ekrem-tamer-1-640x255.png 640w, https:\/\/bibersa.com\/wp-content\/uploads\/2022\/12\/ekrem-tamer-1-400x159.png 400w\" sizes=\"auto, (max-width: 1024px) 100vw, 1024px\" \/><figcaption id=\"caption-attachment-22376\" class=\"wp-caption-text\">T\u00fcrk Erkek Seslendirme Sanat\u00e7\u0131lar\u0131 Aras\u0131nda Bir TRT Sanat\u00e7\u0131s\u0131: Ekrem Tamer<\/figcaption><\/figure>\n<p><b>Ekrem Tamer TRT<\/b><span style=\"font-weight: 400;\"> kanal\u0131nda seslendirmenin yan\u0131 s\u0131ra oyunculuk da yapt\u0131. 1985-86-87 y\u0131llar\u0131nda \u00fc\u00e7 y\u0131l s\u00fcren ve TRT ekranlar\u0131nda yay\u0131nlanan\u00a0 \u201c Yeni Bir Hayat\u201d adl\u0131 dizide oynad\u0131. 1989 y\u0131l\u0131nda spikerlik s\u0131nav\u0131n\u0131 kazanan Tamer, kariyer yolculu\u011funa yine TRT\u2019de spiker olarak devam etti. Tamer; St\u00fcdyo Ankara, \u015eehre Dair, T\u00fcrk Osmanl\u0131 \u015eerbeti ve Birebir isimli programlar\u0131n sunuculu\u011funu da yapt\u0131. \u0130\u015fte Ekrem Tamer\u2019in seslendirdi\u011fi belgeseller;\u00a0<\/span><\/p>\n<ul>\n<li style=\"font-weight: 400;\" aria-level=\"1\"><span style=\"font-weight: 400;\">Ve M\u00fczik\u00a0<\/span><\/li>\n<li style=\"font-weight: 400;\" aria-level=\"1\"><span style=\"font-weight: 400;\">Taksimden T\u00fcnele<\/span><\/li>\n<li style=\"font-weight: 400;\" aria-level=\"1\"><span style=\"font-weight: 400;\">D\u00fcnden Bug\u00fcne Arkeoloji\u00a0<\/span><\/li>\n<li style=\"font-weight: 400;\" aria-level=\"1\"><span style=\"font-weight: 400;\">Yery\u00fcz\u00fc Cenneti- Dubrovnik\u00a0<\/span><\/li>\n<li style=\"font-weight: 400;\" aria-level=\"1\"><span style=\"font-weight: 400;\">Kurtulu\u015f Sava\u015f\u0131 Destan\u0131\u00a0<\/span><\/li>\n<\/ul>\n\r\n\t\t<\/div>\r\n\t<\/div>\r\n<\/div><\/div><\/div><div class=\"vc_row wpb_row row top-row vc_custom_1668025623464\"><div class=\"vc_column_container col-md-12\"><div class=\"wpb_wrapper vc_column-inner\"><div class=\"vc_btn3-container vc_btn3-center vc_custom_1673021881656 vc_do_btn\" >\r\n\t<a class=\"vc_btn3 vc_btn3-shape-round vc_btn3-block wpb_custom_6687b26f39488ddbb85ddb3c1ce8e111 vc_btn3-icon-left btn btn-borders btn-xl btn-success\" href=\"https:\/\/bibersa.com\/es\/ses-bankasi\/\" title=\"Ses Bankas\u0131\"><i class=\"vc_btn3-icon vc-material vc-material-headset\"><\/i> Erkek Seslendirme Sanat\u00e7\u0131lar\u0131n\u0131n Demolar\u0131 i\u00e7in T\u0131klay\u0131n\u0131z<\/a>\t<\/div>\r\n<\/div><\/div><\/div>\n<\/div>","protected":false},"excerpt":{"rendered":"Her g\u00fcn izledi\u011finiz bir\u00e7ok dizi- film ve belgeselde baz\u0131 seslerin size, bir yerden tan\u0131d\u0131k geldi\u011fini hat\u0131rl\u0131yor olabilirsiniz. Sahnedeki oyuncunun performans\u0131 kadar duydu\u011funuz ses de izledi\u011finiz yap\u0131ttan alaca\u011f\u0131n\u0131z keyfi do\u011frudan etkiliyor. Pek \u00e7ok dizi ve filme oyunculu\u011fu ile hayat veren sanat\u00e7\u0131lar, ayn\u0131 zamanda seslendirme sanat\u00e7\u0131s\u0131 olarak sahne arkas\u0131nda da yer al\u0131yor. Bu yaz\u0131m\u0131zda T\u00fcrk\u00e7e dublaj \u00e7al\u0131\u015fmalar\u0131nda [...]","protected":false},"author":23,"featured_media":22541,"comment_status":"closed","ping_status":"closed","sticky":false,"template":"","format":"standard","meta":{"footnotes":""},"categories":[1],"tags":[],"class_list":["post-22347","post","type-post","status-publish","format-standard","has-post-thumbnail","hentry","category-blog"],"featured_image_src":{"landsacpe":["https:\/\/bibersa.com\/wp-content\/uploads\/2023\/01\/V1-0012_C9643.00_00_16_21.Still003-1140x445.png",1140,445,true],"list":["https:\/\/bibersa.com\/wp-content\/uploads\/2023\/01\/V1-0012_C9643.00_00_16_21.Still003-463x348.png",463,348,true],"medium":["https:\/\/bibersa.com\/wp-content\/uploads\/2023\/01\/V1-0012_C9643.00_00_16_21.Still003-300x169.png",300,169,true],"full":["https:\/\/bibersa.com\/wp-content\/uploads\/2023\/01\/V1-0012_C9643.00_00_16_21.Still003.png",1920,1080,false]},"_links":{"self":[{"href":"https:\/\/bibersa.com\/es\/wp-json\/wp\/v2\/posts\/22347","targetHints":{"allow":["GET"]}}],"collection":[{"href":"https:\/\/bibersa.com\/es\/wp-json\/wp\/v2\/posts"}],"about":[{"href":"https:\/\/bibersa.com\/es\/wp-json\/wp\/v2\/types\/post"}],"author":[{"embeddable":true,"href":"https:\/\/bibersa.com\/es\/wp-json\/wp\/v2\/users\/23"}],"replies":[{"embeddable":true,"href":"https:\/\/bibersa.com\/es\/wp-json\/wp\/v2\/comments?post=22347"}],"version-history":[{"count":0,"href":"https:\/\/bibersa.com\/es\/wp-json\/wp\/v2\/posts\/22347\/revisions"}],"wp:featuredmedia":[{"embeddable":true,"href":"https:\/\/bibersa.com\/es\/wp-json\/wp\/v2\/media\/22541"}],"wp:attachment":[{"href":"https:\/\/bibersa.com\/es\/wp-json\/wp\/v2\/media?parent=22347"}],"wp:term":[{"taxonomy":"category","embeddable":true,"href":"https:\/\/bibersa.com\/es\/wp-json\/wp\/v2\/categories?post=22347"},{"taxonomy":"post_tag","embeddable":true,"href":"https:\/\/bibersa.com\/es\/wp-json\/wp\/v2\/tags?post=22347"}],"curies":[{"name":"wp","href":"https:\/\/api.w.org\/{rel}","templated":true}]}}