{"id":22605,"date":"2023-01-12T19:00:25","date_gmt":"2023-01-12T16:00:25","guid":{"rendered":"https:\/\/bibersa.com\/?p=22605"},"modified":"2023-01-10T22:42:10","modified_gmt":"2023-01-10T19:42:10","slug":"sefa-zengin-kimdir","status":"publish","type":"post","link":"https:\/\/bibersa.com\/es\/blog\/quien-es-sefa-zengin\/","title":{"rendered":"Sefa Zengin Kimdir: K\u00f6t\u00fc Adam Seslerinin Aranan \u0130smi!"},"content":{"rendered":"<div class=\"wpb-content-wrapper\"><div class=\"vc_row wpb_row row top-row\"><div class=\"vc_column_container col-md-12\"><div class=\"wpb_wrapper vc_column-inner\">\r\n\t<div class=\"wpb_text_column wpb_content_element wpb_custom_7c91d232724f73626cc933bd95b25ff0\" >\r\n\t\t<div class=\"wpb_wrapper\">\r\n\t\t\t<p><span style=\"font-weight: 400;\"><strong>Sefa Zengin \u00f6zellikle, Kurtlar Vadisi dizisindeki rol\u00fc ile izleyicinin dikkat \u00e7ekmeyi ba\u015farm\u0131\u015ft\u0131r<\/strong>. Peki Sefa Zengin kimdir?<\/span><\/p>\n<p><span style=\"font-weight: 400;\">Televizyon ekranlar\u0131nda k\u00f6t\u00fc karakterlere hayat vermesiyle bilinen Sefa Zengin, usta bir oyuncu ve seslendirme sanat\u00e7\u0131s\u0131d\u0131r.<strong> 1968 Malatya do\u011fumlu olan Zengin, dizi ve film oyunculu\u011funun yan\u0131 s\u0131ra tiyatrocu kimli\u011fine de sahiptir.<\/strong> \u0130stanbul \u00dcniversitesi Devlet Konservatuvar\u0131 Tiyatro B\u00f6l\u00fcm\u00fc\u2019n\u00fc 1995\u2019te bitiren Sefa Zengin, profesyonel anlamda tiyatro oyunculu\u011fu yaparak kariyer hayat\u0131n\u0131 \u015fekillendirmi\u015ftir. 1994 y\u0131l\u0131nda Haldun Dormen Tiyatrosu\u2019nda sahne alan usta oyuncu, \u015fimdilerde oyunculuk kariyerini farkl\u0131 bir noktaya ta\u015f\u0131m\u0131\u015ft\u0131r.<\/span><\/p>\n<p><span style=\"font-weight: 400;\"><strong>\u00dcnl\u00fc dizi ve film oyuncusu Sefa Zengin, bu dizide psikolojik sorunlar\u0131 olan Erdal K\u00f6m\u00fcrc\u00fc karakterine hayat vermi\u015ftir.<\/strong> Sefa Zengin, son d\u00f6nemlerde dizi oyuncusu ve seslendirme sanat\u00e7\u0131s\u0131 olarak ekranlardaki yerini alm\u0131\u015ft\u0131r. Oyuncu kimli\u011fi ile \u00f6n plana \u00e7\u0131kan Zengin, ayn\u0131 zamanda bir\u00e7ok tiyatronun y\u00f6netmenli\u011fini de \u00fcstlenmi\u015ftir. \u00dcnl\u00fc tiyatro oyuncusu Sefa Zengin\u2019i Tiyatro Candela\u2019n\u0131n sahneye koydu\u011fu Karmakar\u0131\u015f\u0131k, Popcorn, Kare As ve Oyun isimli oyunlar\u0131n y\u00f6netmeli\u011finde g\u00f6r\u00fcyoruz.\u00a0<\/span><\/p>\n<h2><span style=\"font-weight: 400;\">Seslendirme Sanat\u00e7\u0131s\u0131 Olarak Sefa Zengin Kimdir?<\/span><\/h2>\n<p><span style=\"font-weight: 400;\">Oyuncu kimli\u011fi ile tiyatro sahnelerinde, dizi ve film sekt\u00f6r\u00fcnde yer alan Sefa Zengin, kariyer hayat\u0131n\u0131 \u00e7ok y\u00f6nl\u00fc bir bi\u00e7imde \u015fekillendirmi\u015ftir. Kamera \u00f6n\u00fcnde s\u0131kl\u0131kla g\u00f6rd\u00fc\u011f\u00fcm\u00fcz Zengin, ayn\u0131 zamanda iyi bir seslendirme sanat\u00e7\u0131s\u0131d\u0131r. Uzun y\u0131llard\u0131r mikrofon ba\u015f\u0131na ge\u00e7en Sefa Zengin, pek \u00e7ok yabanc\u0131 filmin T\u00fcrk\u00e7e seslendirme kadrosunda yer alm\u0131\u015ft\u0131r. Usta oyuncu ve seslendirme sanat\u00e7\u0131s\u0131 Zengin, seslendirme sanat\u0131n\u0131n inceliklerini projeye en iyi \u015fekilde uygulayan isimlerin ba\u015f\u0131nda yer al\u0131r.\u00a0<\/span><\/p>\n<p><strong>\u00dcnl\u00fc seslendirme sanat\u00e7\u0131s\u0131 Sefa Zengin seslendirme <\/strong><span style=\"font-weight: 400;\"><strong>alan\u0131nda daha \u00e7ok, film projeleri ile mikrofon kar\u015f\u0131s\u0131na ge\u00e7iyor.<\/strong> Muhte\u015fem oyunculuk yetene\u011fini sesiyle birle\u015ftiren Sefa Zengin, <strong>\u00f6zellikle Marvel serisindeki seslendirmeleri ile kar\u015f\u0131m\u0131za \u00e7\u0131k\u0131yor<\/strong>. <\/span><\/p>\n<p><span style=\"font-weight: 400;\"><strong>Marvel serisinde yer alan Doktor Strange filminde Sefa Zengin\u2019i Michael Stuhlbarg\u2019\u0131 seslendirirken g\u00f6r\u00fcyoruz.<\/strong> \u00c7oklu evrenin kap\u0131lar\u0131n\u0131 a\u00e7an ve izleyiciyi gizem dolu bir yolculu\u011fa \u00e7\u0131karan Doktor Strange filminin ilerleyen serilerinde de Sefa Zengin\u2019in sesini duyuyoruz.\u00a0<\/span><\/p>\n<p><b><img loading=\"lazy\" decoding=\"async\" class=\"alignnone wp-image-22606 size-large\" src=\"https:\/\/bibersa.com\/wp-content\/uploads\/2023\/01\/sefa-zengin-kimdir-1024x514.jpg\" alt=\"sefa zengin kimdir\" width=\"1024\" height=\"514\" title=\"\" srcset=\"https:\/\/bibersa.com\/wp-content\/uploads\/2023\/01\/sefa-zengin-kimdir-1024x514.jpg 1024w, https:\/\/bibersa.com\/wp-content\/uploads\/2023\/01\/sefa-zengin-kimdir-768x385.jpg 768w, https:\/\/bibersa.com\/wp-content\/uploads\/2023\/01\/sefa-zengin-kimdir-640x321.jpg 640w, https:\/\/bibersa.com\/wp-content\/uploads\/2023\/01\/sefa-zengin-kimdir-400x201.jpg 400w\" sizes=\"auto, (max-width: 1024px) 100vw, 1024px\" \/><\/b><\/p>\n<p><strong>Sefa Zengin dublaj <\/strong><span style=\"font-weight: 400;\"><strong>\u00e7al\u0131\u015fmalar\u0131n\u0131n ve reklam filmlerinin aranan \u00fcnl\u00fc seslerinden biridir.<\/strong> \u00c7o\u011funlukla film ve animasyon projelerinde sesini duymaya al\u0131\u015f\u0131k oldu\u011fumuz Zengin, ayn\u0131 zamanda belgesel \u00e7al\u0131\u015fmalar\u0131nda da yer alm\u0131\u015ft\u0131r. <\/span><\/p>\n<p><span style=\"font-weight: 400;\">TRT Belgesel i\u00e7in mikrofon ba\u015f\u0131na ge\u00e7en Sefa Zengin, Kurtulu\u015f Sava\u015f\u0131nda <strong>Donanmam\u0131z<\/strong> <strong>adl\u0131 belgesele sesiyle hayat vermi\u015ftir.<\/strong> \u00dcnl\u00fc seslendirme sanat\u00e7\u0131s\u0131 bu belgeselde, Kurtulu\u015f Sava\u015f\u0131\u2019n\u0131n destans\u0131 \u00f6yk\u00fcs\u00fcn\u00fc izleyiciye aktaran duygu y\u00fckl\u00fc sesin sahibidir.\u00a0<\/span><\/p>\n<p><span style=\"font-weight: 400;\">Ak\u0131c\u0131 bir ses tonu ile projeleri seslendiren Sefa Zengin, d\u00f6nemin \u00f6ne \u00e7\u0131kan filmlerinin seslendirme kadrosunda yer alm\u0131\u015ft\u0131r. 2012 y\u0131l\u0131nda vizyona giren <strong>Titanic: Blood and Steel<\/strong> adl\u0131 yap\u0131m da bunlardan biridir.<strong> Titanic Blood and Steel filminde Zengin, Frank McCusker\u2019in sesi olarak kar\u015f\u0131m\u0131za \u00e7\u0131kar.<\/strong> Frank McCusker\u2019in canland\u0131rd\u0131\u011f\u0131 Charles Stokes\u2019e ses veren \u00fcnl\u00fc sanat\u00e7\u0131, karakterle sesin m\u00fcthi\u015f uyumunu g\u00f6zler \u00f6n\u00fcne serer.\u00a0<\/span><\/p>\n<h3><span style=\"font-weight: 400;\">Sefa Zengin Kimleri Seslendirdi?<\/span><\/h3>\n<p><span style=\"font-weight: 400;\">\u00dcnl\u00fc seslendirme sanat\u00e7\u0131s\u0131 Sefa Zengin, bug\u00fcne kadar haf\u0131zalara kaz\u0131nan pek \u00e7ok \u00f6nemli film ve animasyonun seslendirme kadrosunda yer alm\u0131\u015ft\u0131r.<\/span><\/p>\n<p><span style=\"font-weight: 400;\"><strong> K\u00f6t\u00fc karakter seslendirmelerinin aranan ismi olan Zengin, ayn\u0131 zamanda e\u011flenceli dublaj \u00e7al\u0131\u015fmalar\u0131nda da kusursuz i\u015fler ortaya \u00e7\u0131kar\u0131r.<\/strong> \u0130\u015fte Sefa Zengin\u2019in seslendirdi\u011fi yap\u0131mlar ve karakterler;\u00a0<\/span><\/p>\n<ul>\n<li style=\"font-weight: 400;\" aria-level=\"1\"><span style=\"font-weight: 400;\">Doktor Strange \u00c7oklu Evren \u00c7\u0131lg\u0131nl\u0131\u011f\u0131nda filminde Nicodemus West\u2019i\u00a0\u00a0<\/span><\/li>\n<li style=\"font-weight: 400;\" aria-level=\"1\"><span style=\"font-weight: 400;\">Aslan Kral filminde Jeremy Irons\u2019\u0131 Scar\u2019\u0131\u00a0<\/span><\/li>\n<li style=\"font-weight: 400;\" aria-level=\"1\"><span style=\"font-weight: 400;\">Doktor Strange filminde Michael Stuhlbarg\u2019\u0131\u00a0<\/span><\/li>\n<li style=\"font-weight: 400;\" aria-level=\"1\"><span style=\"font-weight: 400;\">\u0130rlandal\u0131 filminde Al Pacino\u2019yu\u00a0 Jimmy\u2019i\u00a0<\/span><\/li>\n<li style=\"font-weight: 400;\" aria-level=\"1\"><span style=\"font-weight: 400;\">Kara \u015eovalye Y\u00fckseliyor filminde Cillian Murpy\u2019 yUrsa karakteri\u00a0<\/span><\/li>\n<li style=\"font-weight: 400;\" aria-level=\"1\"><span style=\"font-weight: 400;\">\u00c7apk\u0131n filminde Mark Moses\u2019i\u00a0<\/span><\/li>\n<li style=\"font-weight: 400;\" aria-level=\"1\"><span style=\"font-weight: 400;\">K\u00f6fte Ya\u011fmuru filminde\u00a0 Will Forte\u2019\u0131 Joe Town\u2019\u0131\u00a0\u00a0<\/span><\/li>\n<\/ul>\n<p><iframe loading=\"lazy\" title=\"SEFA ZENG\u0130N | SESLEND\u0130RME SANAT\u00c7ISI | REKLAM DEMO\" width=\"1140\" height=\"641\" src=\"https:\/\/www.youtube.com\/embed\/5Vm8iu4dfiw?feature=oembed\" frameborder=\"0\" allow=\"accelerometer; autoplay; clipboard-write; encrypted-media; gyroscope; picture-in-picture; web-share\" allowfullscreen><\/iframe><\/p>\n<p><b>Doktor Strange \u00c7oklu Evren \u00c7\u0131lg\u0131nl\u0131\u011f\u0131nda- Doktor Nic. West: <\/b><span style=\"font-weight: 400;\">Marvel serisinin heyecan dolu filmlerinden biri olan Doktor Strange \u00c7oklu Evren \u00c7\u0131lg\u0131nl\u0131\u011f\u0131nda, izleyicileri maceren\u0131n eksik olmad\u0131\u011f\u0131 bir \u00e7oklu evrene g\u00f6t\u00fcr\u00fcyor. Filmde Doktor Nic. West karakterine ise Nicodemus West hayat veriyor. Bu filmin T\u00fcrk\u00e7e seslendirme kadrosunda yer alan Sefa Zengin, Dr. Nic. West\u2019in sesi oluyor.\u00a0<\/span><\/p>\n<p><b>Aslan Kral &#8211; Scar:<\/b><span style=\"font-weight: 400;\"> Yavru bir aslan olan Simba\u2019n\u0131n hik\u00e2yesini konu alan Aslan Kral filminin T\u00fcrk\u00e7e seslendirme kadrosunda Sefa Zengin\u2019i g\u00f6r\u00fcyoruz. Zengin bu filmde, Kral Mufasara\u2019n\u0131n karde\u015fi ve bir \u00f6nceki varis olan Scar karakterine ses veriyor.\u00a0<\/span><\/p>\n<p><b>\u0130rlandal\u0131 &#8211; Jimmy Hoffa:<\/b><span style=\"font-weight: 400;\"> \u0130rlandal\u0131 filmi Frank \u2018The Irishman\u2019 Sheeran&#8217;\u0131n sendika lideriyken bir mafyaya d\u00f6n\u00fc\u015fme maceras\u0131n\u0131 izleyiciyle bulu\u015fturuyor. Filmde Jimmy karakterine hayat veren Al Pacino\u2019yu Sefa Zengin seslendiriyor.\u00a0<\/span><\/p>\n<p><iframe loading=\"lazy\" title=\"SEFA ZENG\u0130N | SESLEND\u0130RME SANAT\u00c7ISI | REKLAM DEMO1\" width=\"1140\" height=\"641\" src=\"https:\/\/www.youtube.com\/embed\/hpB2eETISGE?feature=oembed\" frameborder=\"0\" allow=\"accelerometer; autoplay; clipboard-write; encrypted-media; gyroscope; picture-in-picture; web-share\" allowfullscreen><\/iframe><\/p>\n<p><b>Kara \u015e\u00f6valye Y\u00fckseliyor &#8211; Scarecrow:<\/b><span style=\"font-weight: 400;\">\u00a0 Bu filmde ter\u00f6rist lider Bane&#8217;nin yapt\u0131\u011f\u0131 gizli planlar\u0131 durdurmak i\u00e7in m\u00fccadele eden Bruce Wayne ve Batman&#8217;in m\u00fccadelesini g\u00f6r\u00fcyoruz. Zengin, Kara \u015e\u00f6valye&#8217;nin T\u00fcrk\u00e7e seslendirmesinde Scarecrow\u2019u canland\u0131ran oyuncu Cillian Murphy\u2019e ses veriyor.\u00a0<\/span><\/p>\n<p><b>\u00c7apk\u0131n &#8211; Dr. Sam:<\/b><span style=\"font-weight: 400;\"> \u00c7apk\u0131n filminde yak\u0131\u015f\u0131kl\u0131 doland\u0131r\u0131c\u0131 Nikki&#8217;nin daha \u00f6nce hi\u00e7 sahip olmad\u0131\u011f\u0131 kadar \u00e7ok \u015fey sunan orta ya\u015fl\u0131 avukat Samantha ile olan macera dolu anlar\u0131na konuk oluyoruz. Heyecan\u0131n eksik olmad\u0131\u011f\u0131 bu filmde Sefa Zengin\u2019i Dr. Sam Falcon\u2019u seslendirirken g\u00f6r\u00fcyoruz.\u00a0<\/span><\/p>\n<p><b>K\u00f6fte Ya\u011fmuru &#8211; Joe Town:<\/b><span style=\"font-weight: 400;\"> E\u011flenceli bir animasyon filmi olan K\u00f6fte Ya\u011fmuru\u2019nda \u00e7\u0131lg\u0131n mucit Flint Lockwood\u2019un g\u00f6kten yiyecek ya\u011fd\u0131ran bir makine icat etmesi konu ediliyor. K\u00f6fte Ya\u011fmuru filminin ilk serisinde ise Joe Town karakterine Sefa Zengin ses veriyor.\u00a0<\/span><\/p>\n<h2><span style=\"font-weight: 400;\">Oyuncu Olarak Sefa Zengin Kimdir?<\/span><\/h2>\n<p><span style=\"font-weight: 400;\">Dizi ve film oyunculu\u011fu kariyerine Yaz Evi dizisi ile ba\u015flayan Sefa Zengin, 1993 y\u0131l\u0131ndan beri \u00e7e\u015fitli projelerde yer almaya devam ediyor. Uzun y\u0131llard\u0131r sekt\u00f6r\u00fcn i\u00e7erisinde olan Zengin; Kurtlar Vadisi, K\u0131z\u0131l Elma, H\u00fcrrem Sultan ve Cennet Mahallesi gibi d\u00f6nemin \u00f6ne \u00e7\u0131kan dizileriyle hat\u0131rlan\u0131yor. Peki, \u00fcnl\u00fc oyuncu Sefa Zengin hangi dizilerde yer ald\u0131? \u0130\u015fte Sefa Zengin\u2019in oynad\u0131\u011f\u0131 diziler;\u00a0<\/span><\/p>\n<ul>\n<li style=\"font-weight: 400;\" aria-level=\"1\"><span style=\"font-weight: 400;\">\u00c7i\u00e7ek Taksi<\/span><\/li>\n<li style=\"font-weight: 400;\" aria-level=\"1\"><span style=\"font-weight: 400;\">Yaz Evi\u00a0<\/span><\/li>\n<li style=\"font-weight: 400;\" aria-level=\"1\"><span style=\"font-weight: 400;\">Tatl\u0131 Ka\u00e7\u0131klar\u00a0<\/span><\/li>\n<li style=\"font-weight: 400;\" aria-level=\"1\"><span style=\"font-weight: 400;\">Son Kumpanya\u00a0<\/span><\/li>\n<li style=\"font-weight: 400;\" aria-level=\"1\"><span style=\"font-weight: 400;\">5 Maymun \u00c7etesi\u00a0<\/span><\/li>\n<li style=\"font-weight: 400;\" aria-level=\"1\"><span style=\"font-weight: 400;\">Dad\u0131\u00a0<\/span><\/li>\n<li style=\"font-weight: 400;\" aria-level=\"1\"><span style=\"font-weight: 400;\">Derya &amp; Deniz\u00a0<\/span><\/li>\n<li style=\"font-weight: 400;\" aria-level=\"1\"><span style=\"font-weight: 400;\">Arka Sokaklar\u00a0<\/span><\/li>\n<li style=\"font-weight: 400;\" aria-level=\"1\"><span style=\"font-weight: 400;\">Cennet Mahallesi<\/span><\/li>\n<li style=\"font-weight: 400;\" aria-level=\"1\"><span style=\"font-weight: 400;\">Kurtlar Vadisi\u00a0<\/span><\/li>\n<li style=\"font-weight: 400;\" aria-level=\"1\"><span style=\"font-weight: 400;\">H\u00fcrrem Sultan<\/span><\/li>\n<li style=\"font-weight: 400;\" aria-level=\"1\"><span style=\"font-weight: 400;\">Antep F\u0131st\u0131\u011f\u0131\u00a0<\/span><\/li>\n<li style=\"font-weight: 400;\" aria-level=\"1\"><span style=\"font-weight: 400;\">\u0130simsizler\u00a0<\/span><\/li>\n<li style=\"font-weight: 400;\" aria-level=\"1\"><span style=\"font-weight: 400;\">Ne M\u00fcnasebet\u00a0<\/span><\/li>\n<li style=\"font-weight: 400;\" aria-level=\"1\"><span style=\"font-weight: 400;\">K\u0131z\u0131l Elma\u00a0<\/span><\/li>\n<li style=\"font-weight: 400;\" aria-level=\"1\"><span style=\"font-weight: 400;\">Yeniden Ba\u015fla<\/span><\/li>\n<li style=\"font-weight: 400;\" aria-level=\"1\"><span style=\"font-weight: 400;\">Kur\u015fun Bilal\u00a0<\/span><\/li>\n<li style=\"font-weight: 400;\" aria-level=\"1\"><span style=\"font-weight: 400;\">\u00d6mre Bedel<\/span><\/li>\n<li style=\"font-weight: 400;\" aria-level=\"1\"><span style=\"font-weight: 400;\">Deniz Y\u0131ld\u0131z\u0131<\/span><\/li>\n<\/ul>\n<p><b>5 Maymun \u00c7etesi &#8211; Bilal: <\/b><span style=\"font-weight: 400;\">1999 y\u0131l\u0131ndan yay\u0131nlanan 5 Maymun \u00c7etesi dizisi d\u00f6nemin \u00f6ne \u00e7\u0131kan komedi dizilerinden biriydi. Sefa Zengin\u2019in yeni oyunculuk yapt\u0131\u011f\u0131 d\u00f6nemlere denk gelen bu yap\u0131mda \u00fcnl\u00fc oyuncu Bilal karakterini canland\u0131r\u0131yordu.\u00a0<\/span><\/p>\n<p><b>Kurtlar Vadisi &#8211; Erdal K\u00f6m\u00fcrc\u00fc: <\/b><span style=\"font-weight: 400;\">Aksiyon dolu bir mafya dizisi olan Kurtlar Vadisi\u2019nin oyuncu kadrosunda Sefa Zengin, Erdal K\u00f6m\u00fcrc\u00fc olarak yer alm\u0131\u015ft\u0131. \u00dcnl\u00fc oyuncu bu dizide, H\u00fcsrev A\u011fa&#8217;n\u0131n uyu\u015fturucu \u00fcreticisi Abuzer&#8217;in o\u011flu Erdal karakterine hayat vermi\u015fti.\u00a0<\/span><\/p>\n<p><iframe loading=\"lazy\" title=\"SEFA ZENG\u0130N | SESLEND\u0130RME SANAT\u00c7ISI | TANITIM DEMO\" width=\"1140\" height=\"641\" src=\"https:\/\/www.youtube.com\/embed\/hUTO-xUnFlw?feature=oembed\" frameborder=\"0\" allow=\"accelerometer; autoplay; clipboard-write; encrypted-media; gyroscope; picture-in-picture; web-share\" allowfullscreen><\/iframe><\/p>\n<p><b>H\u00fcrrem Sultan &#8211; \u00d6zdemir Pa\u015fa:<\/b><span style=\"font-weight: 400;\"> 2003 y\u0131l\u0131nda yay\u0131nlanan H\u00fcrrem Sultan, tarihi konulu bir mini diziydi. Sefa Zengin ise bu dizide \u00d6zdemir Pa\u015fa\u2019y\u0131 oynuyordu.\u00a0<\/span><\/p>\n<p><b>\u0130simsizler &#8211; G\u00f6zc\u00fc:<\/b><span style=\"font-weight: 400;\"> \u0130simsizler dizisi y\u00fcre\u011fi vatan sevgisi ile dolu olan Fatih karakteri etraf\u0131nda \u015fekilleniyor. Sefa Zengin bu dizide k\u00f6t\u00fc karakter olarak izleyici kar\u015f\u0131s\u0131na \u00e7\u0131k\u0131yor. Zengin\u2019in \u0130simsizler dizisindeki rol\u00fc ise Afran taraf\u0131ndan \u00f6ld\u00fcr\u00fclen ter\u00f6rist G\u00f6zc\u00fc karakteriydi.\u00a0<\/span><\/p>\n<h3><span style=\"font-weight: 400;\">Sefa Zengin Kurtlar Vadisi<\/span><\/h3>\n<p><span style=\"font-weight: 400;\"><strong>\u00dcnl\u00fc oyuncu ve seslendirme sanat\u00e7\u0131s\u0131 Sefa Zengin denildi\u011finde herkesin akl\u0131na gelen ilk yap\u0131m Kurtlar Vadisi\u2019dir<\/strong>. D\u00f6neme damgas\u0131n\u0131 vuran Kurtlar Vadisi dizisi, mafya slogan\u0131yla yay\u0131nlanmaya ba\u015flam\u0131\u015f; aksiyon, dram ve istihbarat t\u00fcr\u00fcnde bir dizidir. \u00c7ok say\u0131da \u00fcnl\u00fc ismi a\u011f\u0131rlayan bu dizi 15 Ocak 2003 y\u0131l\u0131nda yay\u0131n hayat\u0131na ba\u015flam\u0131\u015f ve 2005 y\u0131l\u0131na kadar d\u00f6rt sezon boyunca seyirci ile bulu\u015fmu\u015ftur.<strong> Sefa Zengin ise Kurtlar Vadisi\u2019nde Erdal K\u00f6m\u00fcrc\u00fc karakterini canland\u0131rarak uzun s\u00fcre ekranlarda yer alm\u0131\u015ft\u0131r.\u00a0<\/strong><\/span><\/p>\n<p><span style=\"font-weight: 400;\">Sefa Zengin\u2019in hayat verdi\u011fi Erdal karakteri asl\u0131nda, Tuncay Kantarc\u0131&#8217;n\u0131n yan\u0131nda \u00e7al\u0131\u015fan ve daha \u00e7ok sa\u011fl\u0131k sekt\u00f6r\u00fcne y\u00f6nelik ithalat-ihracat i\u015fleriyle u\u011fra\u015fan bir i\u015f adam\u0131d\u0131r. <\/span><\/p>\n<p><span style=\"font-weight: 400;\">Kurtlar Vadisi dizisinin k\u00f6t\u00fc karakterlerinden biri olan Erdal K\u00f6m\u00fcrc\u00fc, yolsuzlukla elde edilen ithalat ve ihracatlar\u0131n\u0131 dizi boyunca s\u00fcrd\u00fcrm\u00fc\u015ft\u00fcr.<\/span><\/p>\n<p><span style=\"font-weight: 400;\"> Dizi boyunca ak\u0131l hastanesi ve mahkeme ikileminde rol\u00fcn\u00fc s\u00fcrd\u00fcren K\u00f6m\u00fcrc\u00fc, eski sevgilisi Canan taraf\u0131ndan vurularak diziden ayr\u0131lm\u0131\u015ft\u0131r. K\u00f6t\u00fc adam rol\u00fcnde g\u00f6rd\u00fc\u011f\u00fcm\u00fcz Sefa Zengin, Kurtlar Vadisi\u2019nde iyi bir oyunculuk sergileyerek kariyer basamaklar\u0131n\u0131 h\u0131zla \u00e7\u0131km\u0131\u015ft\u0131r.\u00a0<\/span><\/p>\n<h2><span style=\"font-weight: 400;\">Sefa Zengin \u0130leti\u015fim<\/span><\/h2>\n<p><span style=\"font-weight: 400;\">Oyuncu, tiyatrocu ve seslendirme sanat\u00e7\u0131s\u0131 kimli\u011fi ile ad\u0131ndan s\u0131k\u00e7a s\u00f6z ettiren Sefa Zengin, dublaj sekt\u00f6r\u00fcn\u00fcn aranan isimlerinden biridir. Uzun y\u0131llard\u0131r seslendirme ve dublaj alan\u0131nda g\u00f6rd\u00fc\u011f\u00fcm\u00fcz Zengin; bug\u00fcne kadar pek \u00e7ok dizi, film, animasyon ve belgesel \u00e7al\u0131\u015fmas\u0131nda yer alm\u0131\u015ft\u0131r.\u00a0<\/span><\/p>\n<p><span style=\"font-weight: 400;\">\u00dcnl\u00fc dublaj ve seslendirme sanat\u00e7\u0131s\u0131 Sefa Zengin, T\u00fcrkiye\u2019nin \u00f6nde gelen markalar\u0131n\u0131n reklam filmlerinde g\u00f6r\u00fcnmeyen kahraman olarak kar\u015f\u0131m\u0131za \u00e7\u0131k\u0131yor. Bug\u00fcne kadar d\u00f6neminin en \u00e7ok dikkat \u00e7eken dizilerinde g\u00f6rmeye al\u0131\u015f\u0131k oldu\u011fumuz Zengin, ayn\u0131 zamanda BiberSA Prod\u00fcksiyon b\u00fcnyesinde seslendirme \u00e7al\u0131\u015fmalar\u0131na devam ediyor. <\/span><\/p>\n<p><span style=\"font-weight: 400;\">BiberSA b\u00fcnyesinde farkl\u0131 projelerle ad\u0131ndan s\u0131k\u00e7a s\u00f6z ettiren Sefa Zengin\u2019in demo \u00e7al\u0131\u015fmalar\u0131n\u0131 g\u00f6rmek i\u00e7in<\/span><a href=\"https:\/\/bibersa.com\/es\/\"><span style=\"font-weight: 400;\"> BiberSA Prod\u00fcksiyon web sitemizi<\/span><\/a><span style=\"font-weight: 400;\"> veya<\/span><a href=\"https:\/\/www.youtube.com\/@bibersa\" target=\"_blank\" rel=\"noopener\"><span style=\"font-weight: 400;\"> BiberSA Youtube<\/span><\/a><span style=\"font-weight: 400;\"> kanal\u0131n\u0131 ziyaret edebilirsiniz.<\/span><\/p>\n<p><span style=\"font-weight: 400;\">\u00dcnl\u00fc seslendirme sanat\u00e7\u0131s\u0131 Sefa Zengin ileti\u015fim kurmak ve demo \u00e7al\u0131\u015fmalar\u0131na ula\u015fmak i\u00e7in a\u015fa\u011f\u0131daki butona t\u0131klayarak bizimle ileti\u015fime ge\u00e7ebilirsiniz<\/span><\/p>\n\r\n\t\t<\/div>\r\n\t<\/div>\r\n<\/div><\/div><\/div><div class=\"vc_row wpb_row row top-row vc_custom_1668025623464\"><div class=\"vc_column_container col-md-12\"><div class=\"wpb_wrapper vc_column-inner\"><div class=\"vc_btn3-container vc_btn3-center vc_custom_1673379254984 vc_do_btn\" >\r\n\t<a class=\"vc_btn3 vc_btn3-shape-round vc_btn3-block wpb_custom_6687b26f39488ddbb85ddb3c1ce8e111 vc_btn3-icon-left btn btn-borders btn-xl btn-success\" href=\"https:\/\/bibersa.com\/es\/contacto\/\" title=\"\u0130leti\u015fim\"><i class=\"vc_btn3-icon vc-material vc-material-phone_in_talk\"><\/i> B\u0130Z\u0130MLE \u0130LET\u0130\u015e\u0130ME GE\u00c7\u0130N<\/a>\t<\/div>\r\n<\/div><\/div><\/div>\n<\/div>","protected":false},"excerpt":{"rendered":"Sefa Zengin \u00f6zellikle, Kurtlar Vadisi dizisindeki rol\u00fc ile izleyicinin dikkat \u00e7ekmeyi ba\u015farm\u0131\u015ft\u0131r. Peki Sefa Zengin kimdir? Televizyon ekranlar\u0131nda k\u00f6t\u00fc karakterlere hayat vermesiyle bilinen Sefa Zengin, usta bir oyuncu ve seslendirme sanat\u00e7\u0131s\u0131d\u0131r. 1968 Malatya do\u011fumlu olan Zengin, dizi ve film oyunculu\u011funun yan\u0131 s\u0131ra tiyatrocu kimli\u011fine de sahiptir. \u0130stanbul \u00dcniversitesi Devlet Konservatuvar\u0131 Tiyatro B\u00f6l\u00fcm\u00fc\u2019n\u00fc 1995\u2019te bitiren Sefa [...]","protected":false},"author":23,"featured_media":22608,"comment_status":"closed","ping_status":"closed","sticky":false,"template":"","format":"standard","meta":{"footnotes":""},"categories":[1],"tags":[],"class_list":["post-22605","post","type-post","status-publish","format-standard","has-post-thumbnail","hentry","category-blog"],"featured_image_src":{"landsacpe":["https:\/\/bibersa.com\/wp-content\/uploads\/2023\/01\/sefa-zengin-1140x445.jpeg",1140,445,true],"list":["https:\/\/bibersa.com\/wp-content\/uploads\/2023\/01\/sefa-zengin-463x348.jpeg",463,348,true],"medium":["https:\/\/bibersa.com\/wp-content\/uploads\/2023\/01\/sefa-zengin-300x113.jpeg",300,113,true],"full":["https:\/\/bibersa.com\/wp-content\/uploads\/2023\/01\/sefa-zengin-scaled.jpeg",2560,968,false]},"_links":{"self":[{"href":"https:\/\/bibersa.com\/es\/wp-json\/wp\/v2\/posts\/22605","targetHints":{"allow":["GET"]}}],"collection":[{"href":"https:\/\/bibersa.com\/es\/wp-json\/wp\/v2\/posts"}],"about":[{"href":"https:\/\/bibersa.com\/es\/wp-json\/wp\/v2\/types\/post"}],"author":[{"embeddable":true,"href":"https:\/\/bibersa.com\/es\/wp-json\/wp\/v2\/users\/23"}],"replies":[{"embeddable":true,"href":"https:\/\/bibersa.com\/es\/wp-json\/wp\/v2\/comments?post=22605"}],"version-history":[{"count":0,"href":"https:\/\/bibersa.com\/es\/wp-json\/wp\/v2\/posts\/22605\/revisions"}],"wp:featuredmedia":[{"embeddable":true,"href":"https:\/\/bibersa.com\/es\/wp-json\/wp\/v2\/media\/22608"}],"wp:attachment":[{"href":"https:\/\/bibersa.com\/es\/wp-json\/wp\/v2\/media?parent=22605"}],"wp:term":[{"taxonomy":"category","embeddable":true,"href":"https:\/\/bibersa.com\/es\/wp-json\/wp\/v2\/categories?post=22605"},{"taxonomy":"post_tag","embeddable":true,"href":"https:\/\/bibersa.com\/es\/wp-json\/wp\/v2\/tags?post=22605"}],"curies":[{"name":"wp","href":"https:\/\/api.w.org\/{rel}","templated":true}]}}