{"id":22872,"date":"2023-02-04T14:45:12","date_gmt":"2023-02-04T11:45:12","guid":{"rendered":"https:\/\/bibersa.com\/?p=22872"},"modified":"2023-02-04T14:45:12","modified_gmt":"2023-02-04T11:45:12","slug":"itri-kosar-kimdir","status":"publish","type":"post","link":"https:\/\/bibersa.com\/es\/blog\/quien-es-itri-kosar\/","title":{"rendered":"Itri Ko\u015far Kimdir"},"content":{"rendered":"<div class=\"wpb-content-wrapper\"><div class=\"vc_row wpb_row row top-row\"><div class=\"vc_column_container col-md-12\"><div class=\"wpb_wrapper vc_column-inner\">\r\n\t<div class=\"wpb_text_column wpb_content_element wpb_custom_7c91d232724f73626cc933bd95b25ff0\" >\r\n\t\t<div class=\"wpb_wrapper\">\r\n\t\t\t<p><span style=\"font-weight: 400;\">Bug\u00fcne kadar say\u0131s\u0131z seslendirme projesine hayat veren Ko\u015far, ayn\u0131 zamanda sinema alan\u0131nda da yeteneklerini sergilemi\u015ftir. <strong>Usta seslendirme sanat\u00e7\u0131s\u0131 Itri Ko\u015far kariyeri boyunca say\u0131s\u0131z film, \u00e7izgi film, Brezilya dizisi ve belgesel \u00e7al\u0131\u015fmalar\u0131n\u0131n kadrosunda yer alm\u0131\u015ft\u0131r<\/strong>. Peki, seslendirme sanat\u0131n\u0131n aranan ismi Itri Ko\u015far kimdir?\u00a0<\/span><\/p>\n<p><span style=\"font-weight: 400;\">Itri Ko\u015far, dublaj sanat\u00e7\u0131s\u0131 ve akt\u00f6r kimli\u011fi ile \u00f6ne \u00e7\u0131kan \u00fcnl\u00fc sanat\u00e7\u0131lar\u0131m\u0131zdan biridir. Pek \u00e7ok filmin ve reklam filminin arka plan\u0131n yer alan Ko\u015far, sesiyle bir\u00e7ok projeye hayat vermi\u015ftir. <strong>Daha \u00e7ok animasyon filmlerinde kar\u015f\u0131m\u0131za \u00e7\u0131kan Itri Ko\u015far, uzun y\u0131llard\u0131r animasyon seslendirmelerinin aranan seslerinden biridir.<\/strong> \u00dcnl\u00fc seslendirme sanat\u00e7\u0131s\u0131 ve akt\u00f6r Itri Ko\u015far, mesle\u011fe olduk\u00e7a erken bir ya\u015fta ba\u015flam\u0131\u015ft\u0131r. Seslendirme sanat\u0131n\u0131n usta isimlerinden biri olan <strong>Itri Ko\u015far, 1975 y\u0131l\u0131nda annesi Meral Ko\u015far ile birlikte oyunculu\u011fa ba\u015flam\u0131\u015ft\u0131r<\/strong>. Annesi ile reklam filminde yer alan Itri Ko\u015far, o d\u00f6nemlerde iki ya\u015f\u0131ndad\u0131r.\u00a0<\/span><\/p>\n<p><span style=\"font-weight: 400;\">Usta sanat\u00e7\u0131 Ko\u015far, annesiyle oynad\u0131\u011f\u0131 tursil reklam\u0131n\u0131n ard\u0131ndan \u00e7ocuk ya\u015fta pek \u00e7ok projeye kat\u0131lm\u0131\u015ft\u0131r. Sanat d\u00fcnyas\u0131na erken ya\u015fta giri\u015f yapan Itri Ko\u015far, kendini bu alanda geli\u015ftirmeyi s\u00fcrd\u00fcrm\u00fc\u015ft\u00fcr.\u00a0<\/span><\/p>\n<h2><span style=\"font-weight: 400;\">Itri Ko\u015far Kimdir: <\/span><span style=\"font-weight: 400;\">Itri Ko\u015far Biyografisi<\/span><\/h2>\n<p><span style=\"font-weight: 400;\">\u00dcnl\u00fc seslendirme sanat\u00e7\u0131s\u0131 ve sinema oyuncusu Itri Ko\u015far, 1973 y\u0131l\u0131n\u0131n \u015fubat\u0131nda, Zeynep Kamil Hastanesi\u2019nde d\u00fcnyaya gelmi\u015ftir. <strong>R\u00f6tarl\u0131 bir do\u011fum hikayesi olan Itri Ko\u015far\u2019\u0131n babas\u0131,\u00a0 kendisi gibi oyuncu ve seslendirmen olan Pekcan Ko\u015far\u2019d<\/strong>\u0131r. Sanat\u00e7\u0131 bir aileye do\u011fan Ko\u015far, erken ya\u015flarda sanat d\u00fcnyas\u0131 ile tan\u0131\u015fm\u0131\u015ft\u0131r. Anne ve babas\u0131n\u0131n sanat\u00e7\u0131 ruhundan ilham alan Itri Ko\u015far\u2019\u0131n \u00e7ocuklu\u011fu \u00e7e\u015fitli reklam filmleri ile ge\u00e7mi\u015ftir. <strong>Annesi ve babas\u0131yla birlikte farkl\u0131 projeler i\u00e7erisinde yer alan Ko\u015far, erken ya\u015fta amat\u00f6r olarak seslendirme sanat\u0131na ba\u015flam\u0131\u015ft\u0131r.\u00a0<\/strong><\/span><\/p>\n<p><span style=\"font-weight: 400;\"><strong>Seslendirme sanat\u00e7\u0131s\u0131 kimli\u011fi ile \u00f6ne \u00e7\u0131kan Itri Ko\u015far, k\u0131sa s\u00fcrede kariyer hayat\u0131n\u0131 \u015fekillendirmeyi ve geni\u015fletmeyi ba\u015farm\u0131\u015f bir isimdir.<\/strong> \u00dcnl\u00fc seslendirme sanat\u00e7\u0131s\u0131 bu ba\u015far\u0131s\u0131 ile\u00a0 Brezilya dizilerinin T\u00fcrk\u00e7e dublaj\u0131nda en \u00e7ok aranan seslerden biri olmu\u015ftur. Seslendirme sanat\u00e7\u0131s\u0131 Itri Ko\u015far, 2 ya\u015f\u0131nda ba\u015flad\u0131\u011f\u0131 sanat yolculu\u011funu k\u0131sa s\u00fcrede geni\u015fleterek oyunculu\u011fa kadar y\u00fckselmi\u015ftir.\u00a0<\/span><\/p>\n<p><span style=\"font-weight: 400;\">Usta oyuncu ve seslendirme sanat\u00e7\u0131s\u0131 Itri Ko\u015far, kariyer hayat\u0131na ilk olarak 1980 y\u0131l\u0131nda babas\u0131yla birlikte rol ald\u0131\u011f\u0131 bir proje ile ba\u015flatm\u0131\u015ft\u0131r. <strong>Ko\u015far, 1980 y\u0131l\u0131nda babas\u0131 Pekcan Ko\u015far\u2019\u0131n da yer ald\u0131\u011f\u0131 Sis filminde amat\u00f6r olarak seslendirme yapm\u0131\u015ft\u0131r.<\/strong> \u0130lerleyen d\u00f6nemlerde seslendirme sanat\u0131na ilgi duymaya devam eden <strong>Itri Ko\u015far, 1987 y\u0131l\u0131nda profesyonel olarak hem oyunculu\u011fa hem de seslendirme sanat\u0131na ba\u015flam\u0131\u015ft\u0131r.<\/strong> Halen seslendirme sanat\u0131n\u0131 ve oyunculu\u011fu s\u00fcrd\u00fcren Itri Ko\u015far, \u00e7e\u015fitli markalar i\u00e7in mikrofon ba\u015f\u0131na ge\u00e7meye devam etmektedir.\u00a0<\/span><\/p>\n<h2><span style=\"font-weight: 400;\">Sanat\u00e7\u0131 Olarak Itri Ko\u015far Kimdir?<\/span><\/h2>\n<p><span style=\"font-weight: 400;\">Itr\u0131 Ko\u015far, bug\u00fcne kadar pek \u00e7ok reklam filminin arka plan\u0131nda yer almay\u0131 ba\u015farm\u0131\u015f \u00fcnl\u00fc seslendirme sanat\u00e7\u0131lar\u0131ndan biridir. Erken ya\u015fta seslendirme sanat\u0131 ile tan\u0131\u015fan Ko\u015far, uzun y\u0131llard\u0131r oyunculu\u011fu ve seslendirme sanat\u00e7\u0131l\u0131\u011f\u0131n\u0131 bir arada y\u00fcr\u00fctm\u00fc\u015ft\u00fcr. Usta oyuncu ve seslendirme sanat\u00e7\u0131s\u0131 Ko\u015far\u2019\u0131n Tursil reklam\u0131 ile ba\u015flayan kariyer yolculu\u011fu, k\u0131sa s\u00fcrede ba\u015far\u0131l\u0131 markalarla yollar\u0131n\u0131n kesi\u015fmesini sa\u011flam\u0131\u015ft\u0131r. Anne ve babas\u0131yla ayn\u0131 projelerde yer alma f\u0131rsat\u0131 yakalayan Ko\u015far, 1987 y\u0131l\u0131yla birlikte sanat kariyerini farkl\u0131 bir noktaya ta\u015f\u0131m\u0131\u015ft\u0131r.\u00a0<\/span><\/p>\n<p><span style=\"font-weight: 400;\"><strong>Seslendirme sanat\u00e7\u0131s\u0131 Itri Ko\u015far, 1987 y\u0131l\u0131nda TRT ekranlar\u0131na ge\u00e7i\u015f yaparak profesyonel bir seslendirmen olma yolundaki ilk ad\u0131m\u0131n\u0131 atm\u0131\u015ft\u0131r.<\/strong> Burada seslendirme ve oyunculu\u011fu bir arada deneyimleyen Ko\u015far, TRT&#8217;nin<strong> &#8216;Her \u015fey \u0130nsanlar \u0130\u00e7in&#8221;, &#8220;G\u00fcne\u015fli Ya\u011fmurlar&#8221;, &#8220;Laf\u0131n\u0131 Balla Kesti<\/strong>m&#8221; gibi dizilerini \u00e7ekmi\u015ftir.<strong> Usta oyuncu Itri Ko\u015far, ayn\u0131 y\u0131llarda TRT \u0130stanbul kurumunda da aktif olarak rol alm\u0131\u015ft\u0131r.<\/strong> Seslendirme sanat\u0131n\u0131n ustalar\u0131 aras\u0131nda yer alan Ko\u015far, <strong>TRT \u0130stanbul Radyosu\u2019nda \u00e7e\u015fitli piyesler, film, dizi film ve \u00e7izgi filmler i\u00e7in seslendirmeler yapm\u0131\u015ft\u0131r.<\/strong> Ko\u015far\u2019\u0131n i\u00e7inde bulundu\u011fu d\u00f6nemde pop\u00fcler olan\u00a0 video filmleri ve yerli filmlerde onun sesini s\u0131k\u00e7a duymak m\u00fcmk\u00fcnd\u00fcr. Bu bak\u0131mdan Itri Ko\u015far i\u00e7in bir TRT seslendirme sanat\u00e7\u0131s\u0131d\u0131r diyebiliriz.<\/span><\/p>\n<p><span style=\"font-weight: 400;\">1989 y\u0131l\u0131nda T\u00fcrkiye\u2019de \u00f6zel televizyon kanallar\u0131n\u0131n kurulmas\u0131 ve \u00e7o\u011falmas\u0131 ile birlikte Itri Ko\u015far, daha geni\u015f bir alanda \u00e7al\u0131\u015fmaya ba\u015flam\u0131\u015ft\u0131r. Usta oyuncu ve dublaj sanat\u00e7\u0131s\u0131 Ko\u015far,\u00a0 yo\u011fun tempoya ayak uydurarak o d\u00f6nemlerde televizyon dizileri, filmler ve belgeseller i\u00e7in \u00e7e\u015fitli seslendirme \u00e7al\u0131\u015fmalar\u0131na kat\u0131lm\u0131\u015ft\u0131r. <strong>Tarih 1991\u2019i g\u00f6sterdi\u011finde ise Itri Ko\u015far, oyuncu <em>Vural Buldu<\/em> ile \u00e7ocuk tiyatrosu sahnesine \u00e7\u0131karak oyunculu\u011fu deneyimlemi\u015ftir. 1991-1995 y\u0131llar\u0131 aras\u0131nda seslendirme alan\u0131nda yo\u011fun \u00e7al\u0131\u015fmalara devam eden Ko\u015far, ayn\u0131 zamanda tiyatro oyunculu\u011fu i\u00e7in de pek \u00e7ok teklif alm\u0131\u015ft\u0131r.\u00a0<\/strong><\/span><\/p>\n<p><span style=\"font-weight: 400;\">Usta oyuncu Itri Ko\u015far gelen teklifleri de\u011ferlendirerek Bak\u0131rk\u00f6y Belediye Tiyatrolar\u0131&#8217;na kat\u0131lm\u0131\u015ft\u0131r.<strong> Ko\u015far burada; Hac\u0131yatmaz, Ayyar Hamza, Ay Ay Hitler gibi oyunlara kat\u0131larak bu alandaki ba\u015far\u0131s\u0131n\u0131 da kan\u0131tlam\u0131\u015ft\u0131r<\/strong>. Tiyatro oyunlar\u0131nda sesi ve oyunculu\u011fu ile dikkat \u00e7eken Itri Ko\u015far\u2019\u0131n bu performans\u0131 pek \u00e7ok reklam filminin kap\u0131lar\u0131 a\u00e7m\u0131\u015ft\u0131r. Seslendirme sanat\u0131n\u0131n \u00f6tesine ge\u00e7en Ko\u015far, bu tarihten sonra reklam filmlerinde oyuncu ve seslendirme sanat\u00e7\u0131s\u0131 olarak yer almaya ba\u015flam\u0131\u015ft\u0131r.\u00a0<\/span><\/p>\n<p><iframe loading=\"lazy\" title=\"ITR\u0130 KO\u015eAR | SESLEND\u0130RME SANAT\u00c7ISI | REKLAM DEMO\" width=\"1140\" height=\"641\" src=\"https:\/\/www.youtube.com\/embed\/lvmMeDdADTQ?feature=oembed\" frameborder=\"0\" allow=\"accelerometer; autoplay; clipboard-write; encrypted-media; gyroscope; picture-in-picture; web-share\" allowfullscreen><\/iframe><\/p>\n<h2><span style=\"font-weight: 400;\">Seslendirme &#8211; Dublaj Sanat\u00e7\u0131s\u0131 Olarak <\/span><span style=\"font-weight: 400;\">Itri Ko\u015far Kimdir?<\/span><\/h2>\n<p><span style=\"font-weight: 400;\">Itri Ko\u015far uzun y\u0131llar reklam, dizi, film ve belgesel projelerinin i\u00e7erisinde yer alarak \u00e7ok say\u0131da ba\u015far\u0131ya imza atm\u0131\u015ft\u0131r. Daha \u00e7ok seslendirme sanat\u0131ndaki ustal\u0131\u011f\u0131 ile bilinen Ko\u015far, T\u00fcrkiye\u2019nin \u00f6nde gelen markalar\u0131 i\u00e7in mikrofon ba\u015f\u0131na ge\u00e7mi\u015ftir. <\/span><\/p>\n<p><span style=\"font-weight: 400;\">1992 y\u0131l\u0131nda dublaj sanat\u0131n\u0131 b\u0131rakan Itri Ko\u015far, reklamlar\u0131n aranan sesi olarak, reklam projelerinde yer almaya ba\u015flam\u0131\u015ft\u0131r. Seslendirmeye olan yetene\u011fi erken ya\u015fta ke\u015ffedilen <\/span><\/p>\n<p><span style=\"font-weight: 400;\">Itri Ko\u015far\u2019\u0131n bug\u00fcne kadar seslendirdi\u011fi en \u00f6nemli karakterleri projeleri ile birlikte \u015f\u00f6yle s\u0131ralayabiliriz;\u00a0<\/span><\/p>\n<ul>\n<li style=\"font-weight: 400;\" aria-level=\"1\"><span style=\"font-weight: 400;\"><strong>Ay\u0131 Yogi<\/strong> &#8211; Dan Aykroyd<\/span><\/li>\n<li style=\"font-weight: 400;\" aria-level=\"1\"><span style=\"font-weight: 400;\"><strong>Avengement<\/strong> &#8211; Scott Adkins<\/span><\/li>\n<li style=\"font-weight: 400;\" aria-level=\"1\"><span style=\"font-weight: 400;\"><strong>\u0130ntikam G\u00fcn\u00fc<\/strong> &#8211; John Travolta<\/span><\/li>\n<li style=\"font-weight: 400;\" aria-level=\"1\"><span style=\"font-weight: 400;\"><strong>Kur\u015fun<\/strong> &#8211; Steven Seagal\u00a0<\/span><\/li>\n<li style=\"font-weight: 400;\" aria-level=\"1\"><span style=\"font-weight: 400;\"><strong>Dolittle<\/strong> &#8211; Robert Dawney<\/span><\/li>\n<li style=\"font-weight: 400;\" aria-level=\"1\"><span style=\"font-weight: 400;\"><strong>Kara \u015e\u00f6valye<\/strong> &#8211; Heath Ledger\u00a0<\/span><\/li>\n<\/ul>\n<p><b>Ay\u0131 Yogi : <\/b><span style=\"font-weight: 400;\">\u00c7ok say\u0131da \u00e7izgi roman, animasyon ve \u00e7izgi filmde yer alan Ay\u0131 Yogi, uzun y\u0131llar \u00e7izgi film olarak \u00e7ocuklarla bulu\u015ftu. 2010 y\u0131l\u0131nda \u00e7ekilen sinema filmi versiyonunda Jellystone Park\u0131\u2019nda ya\u015fayan, ziyaret\u00e7ilerin piknik sepetlerini \u00e7alan Ay\u0131 Yogi\u2019nin maceralar\u0131 anlat\u0131ld\u0131. <strong>Bu filmde Itri Ko\u015far Ay\u0131 Yogi\u2019yi <em>Dan Aykroyd<\/em> seslendirmi\u015fti<\/strong>. Ay\u0131 Yogi\u2019nin T\u00fcrk\u00e7e seslendirmesini ise Itri Ko\u015far yapm\u0131\u015ft\u0131.\u00a0<\/span><\/p>\n<p><b>Avengement: <\/b><span style=\"font-weight: 400;\">Aksiyon ve macera dolu<\/span> <span style=\"font-weight: 400;\">Avengement filmi, hapse girmesine neden olan insanlardan intikam almaya \u00e7al\u0131\u015fan bir adam\u0131n hikayesini izleyici ile bulu\u015fturuyor.<strong> Itri Ko\u015far Avengement filmindeki Cain Burgess karakterine ses vermi\u015fti<\/strong>r. Ayn\u0131 karakterin \u0130ngilizce seslendirme sanat\u00e7\u0131s\u0131 ise Scott Adkins olmu\u015ftur.<\/span><\/p>\n<p><span style=\"font-weight: 400;\">\u00a0<\/span><b>\u0130ntikam G\u00fcn\u00fc:<\/b><span style=\"font-weight: 400;\"> Bu filmde emekli bir gizli ajan pe\u015fine d\u00fc\u015fen d\u00fc\u015fmanlar nedeniyle tekrar sahaya iniyor. <strong>Aksiyonun \u00f6ne \u00e7\u0131kt\u0131\u011f\u0131 \u0130ntikam G\u00fcn\u00fc filminin ba\u015frol\u00fc olan Stanley karakterinin T\u00fcrk\u00e7e seslendirmesinde Itri Ko\u015far kar\u015f\u0131m\u0131za \u00e7\u0131k\u0131yor<\/strong>. Stanley karakterini oynayan isim ise John Travolta.\u00a0<\/span><\/p>\n<p><b>Robin Hood:<\/b><span style=\"font-weight: 400;\"> Efsanevi Robin Hood hikayesinden esinlenen yap\u0131mlardan biri olan bu filmde haydutluk \u00f6ne \u00e7\u0131k\u0131yor. Robin Hood\u2019un \u00e7etesinde sa\u011f kol olarak yer alan Jamie Dornan, Will Scarlet karakterine hayat veriyor. <strong>Robin Hood filminin T\u00fcrk\u00e7e seslendirme kadrosunda ise Will Scarlet\u2019\u0131 Itri Ko\u015far seslendirmektedir.\u00a0<\/strong><\/span><\/p>\n<p><iframe loading=\"lazy\" title=\"ITR\u0130 KO\u015eAR |  SESLEND\u0130RME SANAT\u00c7ISI | TANITIM DEMO\" width=\"1140\" height=\"641\" src=\"https:\/\/www.youtube.com\/embed\/ahZ_e5F6jHA?feature=oembed\" frameborder=\"0\" allow=\"accelerometer; autoplay; clipboard-write; encrypted-media; gyroscope; picture-in-picture; web-share\" allowfullscreen><\/iframe><\/p>\n<h2><span style=\"font-weight: 400;\">Itri Ko\u015far Kimleri Seslendirdi?<\/span><\/h2>\n<p><span style=\"font-weight: 400;\">Seslendirme sanat\u00e7\u0131s\u0131 Itri Ko\u015far, TRT ekranlar\u0131nda ve \u00e7e\u015fitli reklam projelerinde sesiyle yer alm\u0131\u015f \u00fcnl\u00fc bir isimdir. Usta sanat\u00e7\u0131 Itri Ko\u015far\u2019\u0131n bug\u00fcne kadar hayat verdi\u011fi pek \u00e7ok yabanc\u0131 isim ve seslendirme projesi vard\u0131r. Yabanc\u0131 oyuncular\u0131n T\u00fcrk\u00e7e dublaj\u0131nda \u00f6ne \u00e7\u0131kan Itri Ko\u015far\u2019\u0131n seslendirdi\u011fi isimleri \u015f\u00f6yle s\u0131ralayabilir;\u00a0<\/span><\/p>\n<p><b>Dan Aykroyd:<\/b><span style=\"font-weight: 400;\"> Ay\u0131 Yogi filmi Itri Ko\u015far, animasyon ve \u00e7izgi film sekt\u00f6r\u00fcnde Ay\u0131 Yogi seslendirmesi ile \u00fcnl\u00fcd\u00fcr. Seslendirmen Itri Ko\u015far, bu animasyonda Dan Aykroyd\u2019u seslendiren ki\u015fidir.\u00a0<\/span><\/p>\n<p><b>Robert Dawney:<\/b><span style=\"font-weight: 400;\"> \u00dcnl\u00fc seslendirme sanat\u00e7\u0131s\u0131 Itri Ko\u015far, Robert Dawney\u2019in T\u00fcrk\u00e7e seslendirmelerinde kar\u015f\u0131m\u0131za \u00e7\u0131kan isimlerden biridir. Itri Ko\u015far\u2019\u0131n Robert Dawney\u2019i konu\u015ftu\u011fu film hi\u00e7 \u015f\u00fcphesiz Dolittle\u2019dir.\u00a0\u00a0<\/span><\/p>\n<p><b>Heath Ledger:<\/b><span style=\"font-weight: 400;\"> Efsanevi Kara \u015eovalye filminin T\u00fcrk\u00e7e seslendirmesinde Itri Ko\u015far da yer al\u0131yor. \u00dcnl\u00fc sanat\u00e7\u0131 filmde Joker karakterini oynayan Heath Ledger\u2019in sesi oluyor.\u00a0<\/span><\/p>\n<p><b>Scott Adkins:<\/b><span style=\"font-weight: 400;\"> Seslendirme sanat\u0131n\u0131n ustalar\u0131ndan Itri Ko\u015far, \u0130ngiliz akt\u00f6r Scott Adkins\u2019in T\u00fcrk\u00e7e seslendirmelerinde kar\u015f\u0131m\u0131za \u00e7\u0131k\u0131yor. Ko\u015far, Scott Adkins\u2019in oynad\u0131\u011f\u0131 \u0130ntikam filminde Cain Burgess karakterine ses veriyor.\u00a0<\/span><\/p>\n<h2><span style=\"font-weight: 400;\">Itri Ko\u015far\u00a0 \u0130leti\u015fim<\/span><\/h2>\n<p><span style=\"font-weight: 400;\">Seslendirme sanat\u00e7\u0131s\u0131 olarak haf\u0131zalardaki yerini alan Itri Ko\u015far, uzun y\u0131llar reklam filmleri, filmler, diziler, belgesel ve tan\u0131t\u0131m filmlerinin seslendirmelerini yapm\u0131\u015ft\u0131r. Seslendirme \u00e7al\u0131\u015fmalar\u0131na halen devam eden Ko\u015far; \u00fclkemizin \u00f6nde gelen kozmetik, yiyecek, i\u00e7ecek, petrol end\u00fcstrisi ve banka reklamlar\u0131nda kar\u015f\u0131m\u0131za \u00e7\u0131k\u0131yor.\u00a0<\/span><\/p>\n<p><span style=\"font-weight: 400;\">\u00dcnl\u00fc seslendirme ustas\u0131\u00a0 Itri Ko\u015far, son d\u00f6nemlerde BiberSA Prod\u00fcksiyon \u00f6nc\u00fcl\u00fc\u011f\u00fcnde markalar\u0131n seslendirme projelerine kat\u0131l\u0131yor. BiberSa b\u00fcnyesinde \u00e7al\u0131\u015fmalar\u0131n\u0131 s\u00fcrd\u00fcren Itri Ko\u015far\u2019a ait demo \u00e7al\u0131\u015fmalar\u0131na ula\u015fmak\u00a0 i\u00e7in<\/span><a href=\"https:\/\/bibersa.com\/es\/\"><span style=\"font-weight: 400;\"> BiberSA Prod\u00fcksiyon web sitemizi<\/span><\/a><span style=\"font-weight: 400;\"> veya<\/span><a href=\"https:\/\/www.youtube.com\/@bibersa\" target=\"_blank\" rel=\"noopener\"><span style=\"font-weight: 400;\"> BiberSA Youtube<\/span><\/a><span style=\"font-weight: 400;\"> kanal\u0131n\u0131 ziyaret edebilirsiniz.<\/span><\/p>\n<p><strong>Sesiyle dublaj ve reklam \u00e7al\u0131\u015fmalar\u0131na hayat veren Itri Ko\u015far ileti\u015fim kurmak ve demo \u00e7al\u0131\u015fmalar\u0131na ula\u015fmak i\u00e7in a\u015fa\u011f\u0131daki butona t\u0131klayarak bizimle ileti\u015fime ge\u00e7ebilirsiniz.<\/strong><\/p>\n\r\n\t\t<\/div>\r\n\t<\/div>\r\n<\/div><\/div><\/div><div class=\"vc_row wpb_row row top-row vc_custom_1668025623464\"><div class=\"vc_column_container col-md-12\"><div class=\"wpb_wrapper vc_column-inner\"><div class=\"vc_btn3-container vc_btn3-center vc_custom_1675510642777 vc_do_btn\" >\r\n\t<a class=\"vc_btn3 vc_btn3-shape-round vc_btn3-block wpb_custom_6687b26f39488ddbb85ddb3c1ce8e111 vc_btn3-icon-left btn btn-borders btn-xl btn-success\" href=\"https:\/\/bibersa.com\/es\/contacto\/\" title=\"\u0130leti\u015fim\"><i class=\"vc_btn3-icon vc-material vc-material-phone_in_talk\"><\/i> Bizimle Hemen \u0130leti\u015fime Ge\u00e7in<\/a>\t<\/div>\r\n<\/div><\/div><\/div>\n<\/div>","protected":false},"excerpt":{"rendered":"Bug\u00fcne kadar say\u0131s\u0131z seslendirme projesine hayat veren Ko\u015far, ayn\u0131 zamanda sinema alan\u0131nda da yeteneklerini sergilemi\u015ftir. Usta seslendirme sanat\u00e7\u0131s\u0131 Itri Ko\u015far kariyeri boyunca say\u0131s\u0131z film, \u00e7izgi film, Brezilya dizisi ve belgesel \u00e7al\u0131\u015fmalar\u0131n\u0131n kadrosunda yer alm\u0131\u015ft\u0131r. Peki, seslendirme sanat\u0131n\u0131n aranan ismi Itri Ko\u015far kimdir?\u00a0 Itri Ko\u015far, dublaj sanat\u00e7\u0131s\u0131 ve akt\u00f6r kimli\u011fi ile \u00f6ne \u00e7\u0131kan \u00fcnl\u00fc sanat\u00e7\u0131lar\u0131m\u0131zdan biridir. [...]","protected":false},"author":23,"featured_media":22875,"comment_status":"closed","ping_status":"closed","sticky":false,"template":"","format":"standard","meta":{"footnotes":""},"categories":[1],"tags":[],"class_list":["post-22872","post","type-post","status-publish","format-standard","has-post-thumbnail","hentry","category-blog"],"featured_image_src":{"landsacpe":["https:\/\/bibersa.com\/wp-content\/uploads\/2023\/02\/itri-kosar-kimdir-1140x445.jpg",1140,445,true],"list":["https:\/\/bibersa.com\/wp-content\/uploads\/2023\/02\/itri-kosar-kimdir-463x348.jpg",463,348,true],"medium":["https:\/\/bibersa.com\/wp-content\/uploads\/2023\/02\/itri-kosar-kimdir-300x152.jpg",300,152,true],"full":["https:\/\/bibersa.com\/wp-content\/uploads\/2023\/02\/itri-kosar-kimdir.jpg",1212,616,false]},"_links":{"self":[{"href":"https:\/\/bibersa.com\/es\/wp-json\/wp\/v2\/posts\/22872","targetHints":{"allow":["GET"]}}],"collection":[{"href":"https:\/\/bibersa.com\/es\/wp-json\/wp\/v2\/posts"}],"about":[{"href":"https:\/\/bibersa.com\/es\/wp-json\/wp\/v2\/types\/post"}],"author":[{"embeddable":true,"href":"https:\/\/bibersa.com\/es\/wp-json\/wp\/v2\/users\/23"}],"replies":[{"embeddable":true,"href":"https:\/\/bibersa.com\/es\/wp-json\/wp\/v2\/comments?post=22872"}],"version-history":[{"count":0,"href":"https:\/\/bibersa.com\/es\/wp-json\/wp\/v2\/posts\/22872\/revisions"}],"wp:featuredmedia":[{"embeddable":true,"href":"https:\/\/bibersa.com\/es\/wp-json\/wp\/v2\/media\/22875"}],"wp:attachment":[{"href":"https:\/\/bibersa.com\/es\/wp-json\/wp\/v2\/media?parent=22872"}],"wp:term":[{"taxonomy":"category","embeddable":true,"href":"https:\/\/bibersa.com\/es\/wp-json\/wp\/v2\/categories?post=22872"},{"taxonomy":"post_tag","embeddable":true,"href":"https:\/\/bibersa.com\/es\/wp-json\/wp\/v2\/tags?post=22872"}],"curies":[{"name":"wp","href":"https:\/\/api.w.org\/{rel}","templated":true}]}}