{"id":23136,"date":"2023-03-05T14:27:22","date_gmt":"2023-03-05T11:27:22","guid":{"rendered":"https:\/\/bibersa.com\/?p=23136"},"modified":"2023-03-05T14:27:22","modified_gmt":"2023-03-05T11:27:22","slug":"karlar-ulkesi-turkce-dublaj-kadrosu","status":"publish","type":"post","link":"https:\/\/bibersa.com\/es\/blog\/reparto-de-doblaje-turco-de-frozen\/","title":{"rendered":"Karlar \u00dclkesi T\u00fcrk\u00e7e Dublaj Kadrosu"},"content":{"rendered":"<p><strong>Karlar \u00dclkesi karakter seslendirme<\/strong><span style=\"font-weight: 400;\"><strong>leri ve oyuncu performanslar\u0131yla izleyiciden tam not almay\u0131 ba\u015faran bir animasyon filmi olarak kar\u015f\u0131m\u0131za \u00e7\u0131k\u0131yor.<\/strong> Me\u015fhur animasyon filminin \u0130ngilizce seslendirme kadrosunda Kristen Bell, Idina Menzel, Jonathan Groff, Josh Gad ve Santino Fontana gibi \u00fcnl\u00fc isimler yer al\u0131yor. <\/span><\/p>\n<p><strong>D\u00f6nemin \u00f6ne \u00e7\u0131kan animasyon filmlerinden biri olan Karlar \u00dclkesi T\u00fcrk\u00e7e dublaj kadrosu<\/strong><span style=\"font-weight: 400;\"><strong>yla da ad\u0131ndan s\u0131k\u00e7a s\u00f6z ettirmeyi ba\u015far\u0131yor<\/strong>. Filmin ba\u015f kahramanlar\u0131 Elsa ve Anna hala \u00e7ocuklar\u0131n d\u00fcnyas\u0131nda yer almaya devam ediyor.\u00a0\u00a0<\/span><\/p>\n<p><span style=\"font-weight: 400;\"><strong>Karlar \u00dclkesi, ilk olarak 2013 y\u0131l\u0131nda izleyiciyle bulu\u015fmu\u015f ve El Capitan Theatre&#8217;da g\u00f6sterime girmi\u015f ABD yap\u0131m\u0131 bir animasyon filmidir.<\/strong> G\u00f6sterime girdi\u011fi g\u00fcnden bu yana Karlar \u00dclkesi, \u00e7ocuk izleyicilerin be\u011feniyle izledi\u011fi filmler aras\u0131ndad\u0131r. Walt Disney Animation Studios&#8217;un filmleri serisinde 53. animasyon filmi olarak \u00f6ne \u00e7\u0131kan Karlar \u00dclkesi, karlar krali\u00e7esi Elsa&#8217;n\u0131n k\u0131z karde\u015fi Anna, cesur da\u011f adam\u0131 Kristoff ve onun t\u00fcm i\u015flerini yerine getiren ren geyi\u011fi Sven&#8217;\u0131n hikayesini konu al\u0131r. Bu muhte\u015fem ekibin i\u015f birli\u011fi yaparak kar krali\u00e7esi Elsa&#8217;y\u0131 bulmak ve buz b\u00fcy\u00fcs\u00fcn\u00fc yok etmek amac\u0131yla yapt\u0131\u011f\u0131 yolculuk izleyici ile bulu\u015fmu\u015ftur.\u00a0<\/span><\/p>\n<p><span style=\"font-weight: 400;\">\u00c7ocuklar\u0131n ilgiyle izledi\u011fi bu animasyon filminde Arendelle Prensesi olan Elsa, buz ve kar\u0131 kontrol edebilece\u011fi sihirli g\u00fc\u00e7leriyle \u00f6ne \u00e7\u0131kar. Elsa g\u00fcc\u00fcn\u00fc \u00e7o\u011funlukla k\u00fc\u00e7\u00fck k\u0131z karde\u015fi Anna ile oynarken kullan\u0131yor ancak bir g\u00fcn Anna&#8217;y\u0131 yanl\u0131\u015fl\u0131kla sihriyle yaralar. Anne ve babas\u0131 iki karde\u015fi de Grand Pabbie liderli\u011findeki bir trol kolonisine g\u00f6t\u00fcrerek bu soruna bir \u00e7\u00f6z\u00fcm arar. Elsa ve Anna karakterlerinin rolleri kadar seslendirmeleri de filmin dikkat \u00e7eken ayr\u0131nt\u0131lar\u0131ndan biri olmu\u015ftur.<\/span><\/p>\n<p><strong>\u00a0Karlar \u00dclkesi Elsa T\u00fcrk\u00e7e seslendirmesi<\/strong><span style=\"font-weight: 400;\"><strong>ni \u00fcnl\u00fc sanat\u00e7\u0131 Beg\u00fcm G\u00fcnceler \u00fcstlenmi\u015ftir<\/strong>. <\/span>Karlar \u00dclkesi Anna T\u00fcrk\u00e7e seslendirmesi<span style=\"font-weight: 400;\">ni ise <strong>Damla Babacan<\/strong> ger\u00e7ekle\u015ftirmi\u015ftir. Disney taraf\u0131ndan \u00fcretilen Olaf kurgusal karakteri de filme damga vuranlar aras\u0131nda yer alm\u0131\u015ft\u0131r. \u0130lk olarak bu animasyon filminde ortaya \u00e7\u0131kan Olaf, Elsa ve Anna&#8217;n\u0131n \u00e7ocukluklar\u0131nda yaratt\u0131klar\u0131 cans\u0131z kardan adamd\u0131r. Karlar \u00dclkesi Olaf T\u00fcrk\u00e7e seslendirmesi ise Arda Ayd\u0131n taraf\u0131ndan yap\u0131lm\u0131\u015ft\u0131r.\u00a0<\/span><\/p>\n<p><span style=\"font-weight: 400;\">Disney&#8217;in animasyon olarak \u00fcretti\u011fi en iyi sinema filmi olarak kabul edilen Karlar \u00dclkesi ele\u015ftirmenlerden tam not alm\u0131\u015f bir yap\u0131md\u0131r. <strong>Oyuncular, kadro ve animasyonlar\u0131 ile dikkatleri \u00fczerine \u00e7eken <\/strong><\/span><strong>Karlar \u00dclkesi T\u00fcrk\u00e7e seslendirme oyuncular\u0131 a\u00e7\u0131s\u0131ndan da ba\u015far\u0131l\u0131 bir i\u015ftir.\u00a0<\/strong><\/p>\n<p>Bu yaz\u0131m\u0131zda Karlar \u00dclkesi T\u00fcrk\u00e7e <a href=\"https:\/\/bibersa.com\/es\/doblaje-locucion\/\">dublaj<\/a> kadrosu ve oyuncular\u0131na yer verece\u011fiz.<\/p>\n<h2><span style=\"font-weight: 400;\">Karlar \u00dclkesi T\u00fcrk\u00e7e Seslendirme Kadrosu<\/span><\/h2>\n<p><b>Karlar \u00dclkesi karakter seslendirmeleri <\/b><span style=\"font-weight: 400;\">ve animasyon kurgular\u0131yla ele\u015ftirmenlerden tam not alm\u0131\u015f bir animasyon filmi olarak kar\u015f\u0131m\u0131za \u00e7\u0131k\u0131yor. Animasyon, macera ve komedi t\u00fcr\u00fcnde yer alan bu film, Prenses Elsa ve k\u0131z karde\u015fi Anna\u2019n\u0131n ba\u015f\u0131ndan ge\u00e7en olaylar\u0131 i\u015fliyor. Sihirli g\u00fc\u00e7lerin \u00f6n plana \u00e7\u0131kt\u0131\u011f\u0131 <\/span><b>Karlar \u00dclkesi T\u00fcrk\u00e7e dublaj kadrosu<\/b><span style=\"font-weight: 400;\">yla da izleyicinin dikkati \u00e7ekmeyi ba\u015far\u0131yor. \u0130\u015fte bir d\u00f6neme damga vuran Karlar \u00dclkesi T\u00fcrk\u00e7e seslendirme kadrosu ve rolleri.<img loading=\"lazy\" decoding=\"async\" class=\"alignleft wp-image-23140\" src=\"https:\/\/bibersa.com\/wp-content\/uploads\/2023\/03\/Karlar-Ulkesi-Turkce-Seslendirme-Kadrosu.jpg\" alt=\"Karlar \u00dclkesi T\u00fcrk\u00e7e Seslendirme Kadrosu\" width=\"227\" height=\"322\" title=\"\"><\/span><\/p>\n<ul>\n<li><span style=\"font-weight: 400;\">Kristen Bell &#8211; Anna: Damla Babacan<\/span><\/li>\n<li><span style=\"font-weight: 400;\">Idina Menzel &#8211; Elsa: Beg\u00fcm G\u00fcnceler<\/span><\/li>\n<li><span style=\"font-weight: 400;\">Jonathan Groff &#8211; Kristoff: Sercan Gidi\u015fo\u011flu<\/span><\/li>\n<li><span style=\"font-weight: 400;\">Josh Gad &#8211; Olaf: Arda Ayd\u0131n<\/span><\/li>\n<li><span style=\"font-weight: 400;\">Santino Fontana &#8211; Hans: G\u00f6khan \u00d6zdemir<\/span><\/li>\n<li><span style=\"font-weight: 400;\">Alan Tudyk &#8211; Duke: Sait Se\u00e7kin<\/span><\/li>\n<li><span style=\"font-weight: 400;\">Ciar\u00e1n Hinds- Pabbie \/ Grandpa: Ercan Demirel<\/span><\/li>\n<li><span style=\"font-weight: 400;\">Chris Williams &#8211; Oaken: Erkan Ta\u015fd\u00f6\u011fen<\/span><\/li>\n<li><span style=\"font-weight: 400;\">Stephen J. Anderson &#8211; Kai: Kaya Akarsu<\/span><\/li>\n<li><span style=\"font-weight: 400;\">Maia Wilson &#8211; Bulda: Gamze G\u00f6zalan<\/span><\/li>\n<li><span style=\"font-weight: 400;\">Edie McClurg &#8211; Gerda: Aysun Topar<\/span><\/li>\n<li><span style=\"font-weight: 400;\">Maurice LaMarche &#8211; King: <a href=\"https:\/\/bibersa.com\/es\/blog\/los-actores-de-doblaje-mas-famosos-de-turquia\/\" target=\"_blank\" rel=\"noopener sponsored\">Ali Ekber Diriba\u015f<\/a><\/span><\/li>\n<\/ul>\n<p>&nbsp;<\/p>\n<h2><span style=\"font-weight: 400;\">Karlar \u00dclkesi 2 T\u00fcrk\u00e7e Seslendirme Kadrosu<\/span><\/h2>\n<p><span style=\"font-weight: 400;\">Karlar \u00dclkesi 2, ilk filmden \u00fc\u00e7 y\u0131l sonra vizyona girerek sevenleriyle bulu\u015fuyor. Walt Disney Animation Studios taraf\u0131ndan \u00fcretilen Amerikan animasyonlu bir m\u00fczikal fantezi filmi olan Karlar \u00dclkesi\u2019nin y\u00f6netmen koltu\u011funda Chris Buck ve Jennifer Lee oturuyor. Filmin ikinci serisinde Anna, Elsa, Kristoff, onun ren geyi\u011fi Sven ve kardan adam Olaf&#8217;\u0131n birlikteli\u011fi \u00f6ne \u00e7\u0131k\u0131yor. Bu grup toplanarak Elsa&#8217;n\u0131n b\u00fcy\u00fcl\u00fc g\u00fcc\u00fcn\u00fcn k\u00f6kenini \u00e7\u00f6zmek i\u00e7in b\u00fcy\u00fcl\u00fc bir ormana do\u011fru yolculu\u011fa \u00e7\u0131k\u0131yor.<\/span><b> Karlar \u00dclkesi 2 T\u00fcrk\u00e7e seslendirme oyuncular\u0131<\/b><span style=\"font-weight: 400;\"> ve \u0130ngilizce seslendirme kadrosuyla yine izleyicinin dikkatini \u00e7ekmeyi ba\u015far\u0131yor. \u0130kinci filmde de <\/span><b>Karlar \u00dclkesi Elsa T\u00fcrk\u00e7e seslendirmesi<\/b><span style=\"font-weight: 400;\"> yine Beg\u00fcm G\u00fcnceler taraf\u0131ndan yap\u0131l\u0131yor.\u00a0<\/span><\/p>\n<p><span style=\"font-weight: 400;\">\u0130\u015fte Karlar \u00dclkesi 2 T\u00fcrk\u00e7e seslendirme kadrosu.<\/span><\/p>\n<p><span style=\"font-weight: 400;\"><img loading=\"lazy\" decoding=\"async\" class=\"alignleft wp-image-23142\" src=\"https:\/\/bibersa.com\/wp-content\/uploads\/2023\/03\/Karlar-Ulkesi-2-Turkce-Seslendirme-Kadrosu-210x300.jpg\" alt=\"Karlar \u00dclkesi 2 T\u00fcrk\u00e7e Seslendirme Kadrosu\" width=\"262\" height=\"374\" title=\"\"><\/span><\/p>\n<ul>\n<li><span style=\"font-weight: 400;\">Kristen Bell &#8211; Anna: Damla Babacan<\/span><\/li>\n<li><span style=\"font-weight: 400;\">Idina Menzel &#8211; Elsa: Beg\u00fcm G\u00fcnceler<\/span><\/li>\n<li><span style=\"font-weight: 400;\">Josh Gad &#8211; Olaf: Arda Ayd\u0131n<\/span><\/li>\n<li><span style=\"font-weight: 400;\">Jonathan Groff &#8211; Kristoff: Sercan Gidi\u015fo\u011flu<\/span><\/li>\n<li><span style=\"font-weight: 400;\">Sterling K. Brown &#8211; Mattias: Edip Saner<\/span><\/li>\n<li><span style=\"font-weight: 400;\">Evan Rachel Wood &#8211;\u00a0 Iduna: G\u00fclfem Torunlar<\/span><\/li>\n<li><span style=\"font-weight: 400;\">Alfred Molina &#8211; Agnarr: <a href=\"https:\/\/bibersa.com\/es\/blog\/los-actores-de-doblaje-mas-famosos-de-turquia\/\" target=\"_blank\" rel=\"noopener sponsored\">Ali Ekber Diriba\u015f<\/a><\/span><\/li>\n<li><span style=\"font-weight: 400;\">Martha Plimpton &#8211; Yelena: F\u00fcsun Kokucu<\/span><\/li>\n<li><span style=\"font-weight: 400;\">Jason Ritter &#8211; Ryder: Ali Hekimo\u011flu<\/span><\/li>\n<li><span style=\"font-weight: 400;\">Rachel Matthews &#8211; Honeymaren: Melissa Melis Toklu<\/span><\/li>\n<li><span style=\"font-weight: 400;\">Jeremy Sisto &#8211; King Runeard: Ender Yi\u011fit<\/span><\/li>\n<li><span style=\"font-weight: 400;\">Ciar\u00e1n Hinds &#8211; Pabbie: Ercan Demirel<\/span><\/li>\n<li><span style=\"font-weight: 400;\">Alan Tudyk &#8211;\u00a0 Northuldra Lideri: \u00d6zg\u00fcr \u00d6zt\u00fcrk<\/span><\/li>\n<li><span style=\"font-weight: 400;\">Hadley Gannaway &#8211;\u00a0 K\u00fc\u00e7\u00fck Anna: Ayris Kaplan<\/span><\/li>\n<li><span style=\"font-weight: 400;\">MMattea Conforti &#8211; K\u00fc\u00e7\u00fck Elsa: G\u00fcl\u015fah Tetik<\/span><\/li>\n<li><span style=\"font-weight: 400;\">Santino Fontana &#8211;\u00a0 Hans : G\u00f6khan \u00d6zdemir<\/span><\/li>\n<\/ul>\n<h3><span style=\"font-weight: 400;\">Karlar \u00dclkesi Anna T\u00fcrk\u00e7e Seslendirme Kim Yapt\u0131?<\/span><\/h3>\n<p><b><img loading=\"lazy\" decoding=\"async\" class=\"alignleft wp-image-23150 size-medium\" src=\"https:\/\/bibersa.com\/wp-content\/uploads\/2023\/03\/karlar-ulkesi-olaf-karlar-ulkesi-anna-turkce-seslendirme-300x169.jpg\" alt=\"karlar \u00fclkesi olaf karlar \u00fclkesi anna t\u00fcrk\u00e7e seslendirme\" width=\"300\" height=\"169\" title=\"\">Karlar \u00dclkesi Anna T\u00fcrk\u00e7e seslendirmesi <\/b><span style=\"font-weight: 400;\">Damla Babacan taraf\u0131ndan yap\u0131lm\u0131\u015ft\u0131r. \u00dcnl\u00fc seslendirme sanat\u00e7\u0131s\u0131 Babacan, 1993 y\u0131l\u0131ndan beri seslendirme alan\u0131nda \u00e7al\u0131\u015fmay\u0131 s\u00fcrd\u00fcren \u00f6nemli isimlerden biridir. <\/span><\/p>\n<p><span style=\"font-weight: 400;\">Seslendirme sanat\u00e7\u0131s\u0131 Damla Babacan bug\u00fcne kadar pek \u00e7ok animasyon, \u00e7izgi dizi, film ve dizinin T\u00fcrk\u00e7e seslendirmesinde yer alm\u0131\u015ft\u0131r. <a href=\"https:\/\/www.sesbankasi.com\/\" target=\"_blank\" rel=\"noopener sponsored\">\u00dcnl\u00fc seslendirme sanat\u00e7\u0131s\u0131<\/a> Babacan\u2019\u0131n en \u00f6nemli projelerinin ba\u015f\u0131nda Ben Ten, Amerikan Pastas\u0131, Alice Harikalar Diyar\u0131nda, Mucize D\u00fcnyas\u0131 ve Sindirella yer al\u0131r.\u00a0<\/span><\/p>\n<h3><span style=\"font-weight: 400;\">Karlar \u00dclkesi Olaf T\u00fcrk\u00e7e Seslendirme Kim Yapt\u0131?<\/span><\/h3>\n<p><b>Karlar \u00dclkesi Olaf T\u00fcrk\u00e7e seslendirme <\/b><span style=\"font-weight: 400;\">g\u00f6revini Arda Ayd\u0131n \u00fcstlenmi\u015ftir. Arda Ayd\u0131n, \u00e7ok say\u0131da reklam filmi ve \u00fcnl\u00fc oyuncu i\u00e7in seslendirme yapm\u0131\u015ft\u0131r. Film ve animasyon projelerinde yer alan Arda Ayd\u0131n, bug\u00fcne kadar pek \u00e7ok yap\u0131m\u0131n T\u00fcrk\u00e7e seslendirme kadrosunda bulunmu\u015ftur. Arda Ayd\u0131n\u2019\u0131n en \u00f6nemli seslendirmeleri aras\u0131nda High School, Enola Holmes, Alaaddin, Canavar Evi, Transformers serisi, Karayip korsanlar\u0131 ve Aslan Kral 2 adl\u0131 yap\u0131mlar yer al\u0131r.<\/span><\/p>","protected":false},"excerpt":{"rendered":"<p>Karlar \u00dclkesi karakter seslendirmeleri ve oyuncu performanslar\u0131yla izleyiciden tam not almay\u0131 ba\u015faran bir animasyon filmi olarak kar\u015f\u0131m\u0131za \u00e7\u0131k\u0131yor. Me\u015fhur animasyon filminin \u0130ngilizce seslendirme kadrosunda Kristen Bell, Idina Menzel, Jonathan Groff, Josh Gad ve Santino Fontana gibi \u00fcnl\u00fc isimler yer al\u0131yor. D\u00f6nemin \u00f6ne \u00e7\u0131kan animasyon filmlerinden biri olan Karlar \u00dclkesi T\u00fcrk\u00e7e dublaj kadrosuyla da ad\u0131ndan s\u0131k\u00e7a [&hellip;]<\/p>\n","protected":false},"author":23,"featured_media":23139,"comment_status":"closed","ping_status":"closed","sticky":false,"template":"","format":"standard","meta":{"footnotes":""},"categories":[1],"tags":[],"class_list":["post-23136","post","type-post","status-publish","format-standard","has-post-thumbnail","hentry","category-blog"],"featured_image_src":{"landsacpe":["https:\/\/bibersa.com\/wp-content\/uploads\/2023\/03\/Karlar-Ulkesi-Turkce-Dublaj-Kadrosu-1000x445.jpg",1000,445,true],"list":["https:\/\/bibersa.com\/wp-content\/uploads\/2023\/03\/Karlar-Ulkesi-Turkce-Dublaj-Kadrosu-463x348.jpg",463,348,true],"medium":["https:\/\/bibersa.com\/wp-content\/uploads\/2023\/03\/Karlar-Ulkesi-Turkce-Dublaj-Kadrosu-300x218.jpg",300,218,true],"full":["https:\/\/bibersa.com\/wp-content\/uploads\/2023\/03\/Karlar-Ulkesi-Turkce-Dublaj-Kadrosu.jpg",1000,726,false]},"_links":{"self":[{"href":"https:\/\/bibersa.com\/es\/wp-json\/wp\/v2\/posts\/23136","targetHints":{"allow":["GET"]}}],"collection":[{"href":"https:\/\/bibersa.com\/es\/wp-json\/wp\/v2\/posts"}],"about":[{"href":"https:\/\/bibersa.com\/es\/wp-json\/wp\/v2\/types\/post"}],"author":[{"embeddable":true,"href":"https:\/\/bibersa.com\/es\/wp-json\/wp\/v2\/users\/23"}],"replies":[{"embeddable":true,"href":"https:\/\/bibersa.com\/es\/wp-json\/wp\/v2\/comments?post=23136"}],"version-history":[{"count":0,"href":"https:\/\/bibersa.com\/es\/wp-json\/wp\/v2\/posts\/23136\/revisions"}],"wp:featuredmedia":[{"embeddable":true,"href":"https:\/\/bibersa.com\/es\/wp-json\/wp\/v2\/media\/23139"}],"wp:attachment":[{"href":"https:\/\/bibersa.com\/es\/wp-json\/wp\/v2\/media?parent=23136"}],"wp:term":[{"taxonomy":"category","embeddable":true,"href":"https:\/\/bibersa.com\/es\/wp-json\/wp\/v2\/categories?post=23136"},{"taxonomy":"post_tag","embeddable":true,"href":"https:\/\/bibersa.com\/es\/wp-json\/wp\/v2\/tags?post=23136"}],"curies":[{"name":"wp","href":"https:\/\/api.w.org\/{rel}","templated":true}]}}